{"id":3887,"date":"2025-06-22T23:40:09","date_gmt":"2025-06-22T23:40:09","guid":{"rendered":"https:\/\/elpuclitico.cl\/?p=3887"},"modified":"2026-02-14T04:15:46","modified_gmt":"2026-02-14T04:15:46","slug":"somos-somos-muchos-mas","status":"publish","type":"post","link":"https:\/\/elpuclitico.cl\/index.php\/2025\/06\/22\/somos-somos-muchos-mas\/","title":{"rendered":"Somos, somos muchos m\u00e1s\u00a0"},"content":{"rendered":"\n<p>\u2014El otro d\u00eda le\u00ed que para el 2021, se hab\u00eda registrado que solo un 2,9% de estudiantes de pregrado en la UC pertenec\u00edan a pueblos originarios, \u00bfqu\u00e9 opinan?&nbsp;<\/p>\n\n\n\n<p>\u2014Creo que igual es una cifra subrepresentada, dir\u00eda que somos m\u00e1s \u2014responde Ckepihare, que sostiene una cuerda trenzada que descansa en el piso.&nbsp;<\/p>\n\n\n\n<p>\u2014Igual, autoidentificarse es diferente a tener apellido ind\u00edgena. Hay personas que tienen apellidos ind\u00edgenas, o rasgos, y no lo dicen. Nosotros igual intentamos que la gente que ha tenido acercamientos, aqu\u00ed pueda vivir su identidad tranquila&nbsp; \u2014a\u00f1ade Camila.&nbsp;<\/p>\n\n\n\n<p>Aquellas estudiantes intentan resolver c\u00f3mo colgar m\u00e1ndalas \u2014piezas hechas a partir de 2 palos de madera y lana dispuesta acorde a dise\u00f1os\u2014 en algunos \u00e1rboles. La cuerda que estaban usando no resisti\u00f3 el peso de los artefactos y se cort\u00f3. Todav\u00eda quedan preguntas por realizarse, pero ambas estudiantes son llamadas a probar sonido.&nbsp;<\/p>\n\n\n\n<p>Hoy, jueves 19 de junio, Traw\u00fcn Tinkuy ha organizado un evento a prop\u00f3sito del Machaq Mara, tambi\u00e9n llamado A\u00f1o Nuevo Aymara. As\u00ed, entre pendones conmemorativos y un mes\u00f3n lleno de comida tradicional, una multitud se ha reunido afuera del hall universitario en el Campus San Joaqu\u00edn de la Pontificia Universidad Cat\u00f3lica. En medio de la m\u00fasica. Camila y Ckepihare se sit\u00faan frente al p\u00fablico, cada una lleva un micr\u00f3fono y una hoja. La \u00faltima vez, la ceremonia fue animada por una persona no ind\u00edgena. En esta ocasi\u00f3n, ambas optaron por tomar aquel rol.&nbsp;<\/p>\n\n\n\n<p>\u2014Entre el 21 y el 24 de junio, todo Chile se llena de color, m\u00fasica y tradici\u00f3n para conmemorar el solsticio de invierno. Este es un momento sagrado para conectar con nuestros ancestros y recordar la tradici\u00f3n para celebrar el nuevo a\u00f1o o ciclo \u2014expresa Ckepihare a trav\u00e9s de su micr\u00f3fono.&nbsp;<\/p>\n\n\n\n<p>Despu\u00e9s de algunos agradecimientos, el patio se ti\u00f1e de distintos colores: Alma UC, una agrupaci\u00f3n folcl\u00f3rica conformada por estudiantes universitarios, se hace presente en la ceremonia. Ellos han preparado una muestra de baile, y son el primer grupo folcl\u00f3rico en presentarse durante la celebraci\u00f3n. Seguir\u00e1n 4 agrupaciones m\u00e1s.&nbsp;&nbsp;<\/p>\n\n\n\n<p>Fijas en su rol de animadoras, ademanes de baile nacen de Camila y Ckepihare, y no es extra\u00f1o, pues ambas forman parte de San Sim\u00f3n, otro de los grupos que m\u00e1s adelante presentar\u00e1. Una muestra m\u00e1s del profundo compromiso que ambas guardan con sus ra\u00edces culturales, lazos que las han motivado a organizarse dentro de la vida universitaria y, a impulsar actividades como la de hoy.&nbsp;<\/p>\n\n\n\n<p>Camila, de origen Mapuche, inici\u00f3 su participaci\u00f3n en Traw\u00fcn Tinkuy el a\u00f1o 2023. En aquel momento, la estudiante de Trabajo Social buscaba un lugar que le permitiera no s\u00f3lo conectar con sus ra\u00edces, sino tambi\u00e9n hacerlo a partir de la propia vida universitaria. En la organizaci\u00f3n estudiantil encontr\u00f3 lo que buscaba. Su primer acercamiento se realiz\u00f3 en la escuelita intercultural, una de las tantas actividades que promueve Traw\u00fcn Tinkuy en la cotidianidad, tales como los talleres de danza, mapuz\u00fcngun, o confecci\u00f3n de telares andinos.&nbsp;&nbsp;<\/p>\n\n\n\n<p>Ckepihare, por otro lado, que proviene del pueblo Lickanantay y estudia psicolog\u00eda, se uni\u00f3 a la organizaci\u00f3n el a\u00f1o 2022. Similar a Camila, ella recuerda haber buscado un espacio de expresi\u00f3n identitaria, inspir\u00e1ndose, principalmente en la labor que algunos primos suyos realizaban&nbsp; en el Hogar Ayllu, un centro de desarrollo sociocultural ubicado en Antofagasta.&nbsp;<\/p>\n\n\n\n<p>Ambas estudiantes, el d\u00eda de hoy no solo se hallan animando un evento conmemorativo por el Machaq Mara, sino que tambi\u00e9n, han jugado un rol indispensable las semanas previas al evento. Ckepihare, por ejemplo, debi\u00f3 traer consigo las distintas colaciones que ser\u00edan repartidas, aparte del equipo organizador de la actividad. Camila, de manera similar, trajo consigo las m\u00e1ndalas que colgar\u00edan en el patio para adornar; y, a su vez, estableci\u00f3 contacto con las agrupaciones folcl\u00f3ricas invitadas, teniendo que velar tambi\u00e9n por conseguir las pistas musicales apropiadas para el evento, sonidos ancestrales que envuelven el danzar de vestuarios multicolores, pero que repentinamente se detienen: Osada del Zanj\u00f3n, la \u00faltima agrupaci\u00f3n en presentarse, acaba de finalizar su danza.<\/p>\n\n\n\n<p>El evento llega a su fin, la mesa que alguna vez alberg\u00f3 tradicionales comidas, ahora se halla vac\u00eda. El equipo de Traw\u00fcn Tinkuy comienza a guardar sus pendones y sus m\u00e1ndalas. Camila y Ckepihare reparten algunos diplomas a los grupos folcl\u00f3ricos. Algunas otras personas se toman fotos con los bailarines.<\/p>\n\n\n\n<p>\u2014 \u00bfCu\u00e1les fueron sus sensaciones mientras animaban?&nbsp;&nbsp;<\/p>\n\n\n\n<p>\u2014 Bien, siento que estuvo bien animar para ir variando, el a\u00f1o pasado nos dedicamos a hacer otras cosas. Lo disfrut\u00e9 m\u00e1s este a\u00f1o \u2014responde Camila, a\u00fan con algunos diplomas entre las manos.&nbsp;<\/p>\n\n\n\n<p>\u2014 \u00bfQu\u00e9 esperanzas tienen para el futuro de la iniciativa?&nbsp;&nbsp;<\/p>\n\n\n\n<p>\u2014 Que la gente ind\u00edgena pueda vivir sus ra\u00edces, que todos puedan vivir sus tradiciones y que todos al final hagamos comunidad aqu\u00ed, yo creo que eso es lo importante \u2014contesta Camila, levantando unos bolsos desde el piso.<\/p>\n\n\n\n<p>\u2014 Me gustar\u00eda que Traw\u00fcn fuera una facilidad, un resbal\u00edn que ayude a algunas personas a sentirse orgullosas de sus identidades y ra\u00edces \u2014concluye Ckepihare.&nbsp;<\/p>\n\n\n\n<p>As\u00ed, termina la jornada tejida por Traw\u00fcn Tinkuy. El eco de las danzas a\u00fan flota en el aire, como si el viento se negara a soltar del todo los colores. El patio, que alguna vez fue solo cemento, hoy guarda huellas de trajes, cantos y ra\u00edces que vibraron al un\u00edsono. El solsticio de invierno \u2014ese antiguo visitante\u2014 ha llegado. Y con \u00e9l, un nuevo ciclo: uno que florece entre pasos de baile, hilos colgantes y esperanzas que no piden permiso para brotar.<\/p>\n","protected":false},"excerpt":{"rendered":"<p>\u2014El otro d\u00eda le\u00ed que para el 2021, se hab\u00eda registrado que solo un 2,9% de estudiantes de pregrado en la UC pertenec\u00edan a pueblos originarios, \u00bfqu\u00e9 opinan?&nbsp; \u2014Creo que igual es una cifra subrepresentada, dir\u00eda que somos m\u00e1s \u2014responde Ckepihare, que sostiene una cuerda trenzada que descansa en el piso.&nbsp; \u2014Igual, autoidentificarse es diferente [&hellip;]<\/p>\n","protected":false},"author":1,"featured_media":3888,"comment_status":"open","ping_status":"open","sticky":false,"template":"","format":"standard","meta":{"_eb_attr":"","_gspb_post_css":"","om_disable_all_campaigns":false,"_monsterinsights_skip_tracking":false,"_monsterinsights_sitenote_active":false,"_monsterinsights_sitenote_note":"","_monsterinsights_sitenote_category":0,"footnotes":""},"categories":[15,65],"tags":[22],"class_list":["post-3887","post","type-post","status-publish","format-standard","has-post-thumbnail","hentry","category-cultura","category-tiempolibre","tag-destacado"],"blocksy_meta":[],"aioseo_notices":[],"_links":{"self":[{"href":"https:\/\/elpuclitico.cl\/index.php\/wp-json\/wp\/v2\/posts\/3887","targetHints":{"allow":["GET"]}}],"collection":[{"href":"https:\/\/elpuclitico.cl\/index.php\/wp-json\/wp\/v2\/posts"}],"about":[{"href":"https:\/\/elpuclitico.cl\/index.php\/wp-json\/wp\/v2\/types\/post"}],"author":[{"embeddable":true,"href":"https:\/\/elpuclitico.cl\/index.php\/wp-json\/wp\/v2\/users\/1"}],"replies":[{"embeddable":true,"href":"https:\/\/elpuclitico.cl\/index.php\/wp-json\/wp\/v2\/comments?post=3887"}],"version-history":[{"count":2,"href":"https:\/\/elpuclitico.cl\/index.php\/wp-json\/wp\/v2\/posts\/3887\/revisions"}],"predecessor-version":[{"id":3890,"href":"https:\/\/elpuclitico.cl\/index.php\/wp-json\/wp\/v2\/posts\/3887\/revisions\/3890"}],"wp:featuredmedia":[{"embeddable":true,"href":"https:\/\/elpuclitico.cl\/index.php\/wp-json\/wp\/v2\/media\/3888"}],"wp:attachment":[{"href":"https:\/\/elpuclitico.cl\/index.php\/wp-json\/wp\/v2\/media?parent=3887"}],"wp:term":[{"taxonomy":"category","embeddable":true,"href":"https:\/\/elpuclitico.cl\/index.php\/wp-json\/wp\/v2\/categories?post=3887"},{"taxonomy":"post_tag","embeddable":true,"href":"https:\/\/elpuclitico.cl\/index.php\/wp-json\/wp\/v2\/tags?post=3887"}],"curies":[{"name":"wp","href":"https:\/\/api.w.org\/{rel}","templated":true}]}}