{"id":3899,"date":"2025-06-25T15:03:55","date_gmt":"2025-06-25T15:03:55","guid":{"rendered":"https:\/\/elpuclitico.cl\/?p=3899"},"modified":"2026-02-25T03:49:11","modified_gmt":"2026-02-25T03:49:11","slug":"consejo-feuc-aprueba-petitorio-disidente","status":"publish","type":"post","link":"https:\/\/elpuclitico.cl\/index.php\/2025\/06\/25\/consejo-feuc-aprueba-petitorio-disidente\/","title":{"rendered":"Consejo FEUC aprueba petitorio disidente\u00a0\u00a0"},"content":{"rendered":"\n<p><em>La iniciativa, que busca atender las problem\u00e1ticas que enfrentan las personas LGBTIQA+ dentro de la universidad, fue aprobada<strong> <\/strong>con un 77.6% de votos a favor (59 votos), un 9.2% de votos en contra (7 votos) y un 13.2% abstenciones (10 votos).\u00a0<\/em><\/p>\n\n\n\n<p>El pasado 20 de junio, a trav\u00e9s de la cadena de representantes v\u00eda Outlook y en el contexto del Mes del Orgullo, distintos centros de estudiantes y consejer\u00edas territoriales solicitaron al Consejo FEUC abrir un espacio formal de discusi\u00f3n para abordar diversas demandas recogidas de un \u201ctrabajo sostenido\u201d con estudiantes LGBTIQA+ de la universidad.&nbsp;&nbsp;&nbsp;<\/p>\n\n\n\n<p>A ra\u00edz de esto, se impuls\u00f3 un petitorio con el fin de transmitir las propuestas levantadas, \u201chacia una Universidad verdaderamente comprometida con la dignidad, la seguridad y la igualdad dentro de nuestra comunidad\u201d. El documento, titulado \u201cPetitorio de Disidencias Sexogen\u00e9ricas 2025\u201d se trat\u00f3 y vot\u00f3 en un consejo extraordinario desarrollado durante la tarde del 24 de junio.&nbsp;<\/p>\n\n\n\n<p>El escrito parte de la base de que la universidad tiene un deber \u00e9tico de responsabilizarse frente a las desigualdades sociales y culturales, por lo que no debe ser neutral ante la exclusi\u00f3n, la discriminaci\u00f3n arbitraria o la exclusi\u00f3n simb\u00f3lica. La iniciativa se basa en distintos catastros que revelan un \u201cescenario universitario adverso para las personas pertenecientes a disidencias sexuales y de g\u00e9nero\u201d. En consecuencia, se solicita a la universidad, a trav\u00e9s de diversas propuestas, a colaborar activamente al desarrollo de entornos educativos que promuevan la inclusi\u00f3n.&nbsp;<\/p>\n\n\n\n<p>La moci\u00f3n, que requer\u00eda de un m\u00ednimo de 57 votos positivos para ser aprobada, fue efectivamente respaldada por el Consejo FEUC con un 77.6% de votos a favor (59 votos), mientras que un 9.2% se manifest\u00f3 en contra (7 votos) y un 13.2% opt\u00f3 por abstenerse (10 votos).&nbsp;&nbsp;<\/p>\n\n\n\n<p>La Directiva FEUC se desmarc\u00f3 de una postura concreta, eligiendo votar abstengo. Tat\u00e1n Joublan, presidente de la FEUC, coment\u00f3 que esta decisi\u00f3n responde al apartado de \u201cBibliograf\u00eda y Formaci\u00f3n Profesional\u201d del petitorio, donde se sugiere la incorporaci\u00f3n de contenidos con enfoque queer en las programaciones curriculares. Al respecto, el presidente argument\u00f3 que esta propuesta \u201catenta un poco contra la libertad de academia de algunos docentes y podemos ver ah\u00ed una cierta amenaza\u201d. Aun as\u00ed, Joublan expres\u00f3 que el petitorio contiene varios puntos valiosos, especialmente en lo relativo a comunidad, y asegur\u00f3 que desde la directiva \u201ctenemos que crear espacios y entornos donde la discriminaci\u00f3n no surja\u201d.&nbsp;<\/p>\n\n\n\n<p>Por su lado, Matilda Aldunate, actual consejera superior, se diferenci\u00f3 del resto de la directiva al optar por respaldar la iniciativa, votando a favor de la moci\u00f3n.&nbsp;<\/p>\n\n\n\n<p>En la instancia, la Directiva FEUC recibi\u00f3 diversas cr\u00edticas por no pronunciarse en el contexto del Mes del Orgullo. Exy Garay, consejera territorial de Ingenier\u00eda Civil por la Nueva Acci\u00f3n Universitaria, afirm\u00f3 que \u201clas disidencias perdimos cuando Solidaridad gan\u00f3 la federaci\u00f3n\u201d, acusando falencias de la Directiva FEUC al momento de representar a la comunidad universitaria.&nbsp;&nbsp;<\/p>\n","protected":false},"excerpt":{"rendered":"<p>La iniciativa, que busca atender las problem\u00e1ticas que enfrentan las personas LGBTIQA+ dentro de la universidad, fue aprobada con un 77.6% de votos a favor (59 votos), un 9.2% de votos en contra (7 votos) y un 13.2% abstenciones (10 votos).\u00a0 El pasado 20 de junio, a trav\u00e9s de la cadena de representantes v\u00eda Outlook [&hellip;]<\/p>\n","protected":false},"author":1,"featured_media":3900,"comment_status":"open","ping_status":"open","sticky":false,"template":"","format":"standard","meta":{"_eb_attr":"","_gspb_post_css":"","om_disable_all_campaigns":false,"_monsterinsights_skip_tracking":false,"_monsterinsights_sitenote_active":false,"_monsterinsights_sitenote_note":"","_monsterinsights_sitenote_category":0,"footnotes":""},"categories":[14,17],"tags":[22],"class_list":["post-3899","post","type-post","status-publish","format-standard","has-post-thumbnail","hentry","category-actualidad","category-politicauniversitaria","tag-destacado"],"blocksy_meta":[],"aioseo_notices":[],"_links":{"self":[{"href":"https:\/\/elpuclitico.cl\/index.php\/wp-json\/wp\/v2\/posts\/3899","targetHints":{"allow":["GET"]}}],"collection":[{"href":"https:\/\/elpuclitico.cl\/index.php\/wp-json\/wp\/v2\/posts"}],"about":[{"href":"https:\/\/elpuclitico.cl\/index.php\/wp-json\/wp\/v2\/types\/post"}],"author":[{"embeddable":true,"href":"https:\/\/elpuclitico.cl\/index.php\/wp-json\/wp\/v2\/users\/1"}],"replies":[{"embeddable":true,"href":"https:\/\/elpuclitico.cl\/index.php\/wp-json\/wp\/v2\/comments?post=3899"}],"version-history":[{"count":2,"href":"https:\/\/elpuclitico.cl\/index.php\/wp-json\/wp\/v2\/posts\/3899\/revisions"}],"predecessor-version":[{"id":3902,"href":"https:\/\/elpuclitico.cl\/index.php\/wp-json\/wp\/v2\/posts\/3899\/revisions\/3902"}],"wp:featuredmedia":[{"embeddable":true,"href":"https:\/\/elpuclitico.cl\/index.php\/wp-json\/wp\/v2\/media\/3900"}],"wp:attachment":[{"href":"https:\/\/elpuclitico.cl\/index.php\/wp-json\/wp\/v2\/media?parent=3899"}],"wp:term":[{"taxonomy":"category","embeddable":true,"href":"https:\/\/elpuclitico.cl\/index.php\/wp-json\/wp\/v2\/categories?post=3899"},{"taxonomy":"post_tag","embeddable":true,"href":"https:\/\/elpuclitico.cl\/index.php\/wp-json\/wp\/v2\/tags?post=3899"}],"curies":[{"name":"wp","href":"https:\/\/api.w.org\/{rel}","templated":true}]}}