{"id":3903,"date":"2025-06-27T01:03:28","date_gmt":"2025-06-27T01:03:28","guid":{"rendered":"https:\/\/elpuclitico.cl\/?p=3903"},"modified":"2025-06-27T01:07:49","modified_gmt":"2025-06-27T01:07:49","slug":"criticas-de-matthei-a-tvn-genera-debate-academico-en-la-uc","status":"publish","type":"post","link":"https:\/\/elpuclitico.cl\/index.php\/2025\/06\/27\/criticas-de-matthei-a-tvn-genera-debate-academico-en-la-uc\/","title":{"rendered":"Cr\u00edticas de Matthei a TVN genera debate acad\u00e9mico en la UC"},"content":{"rendered":"\n<p><em>En el seminario organizado por CLAPES UC, la candidata presidencial Evelyn Matthei propuso la minimizaci\u00f3n del financiamiento de TVN.<\/em> <em>Acad\u00e9micos UC y funcionarios del canal advirtieron de las posibles consecuencias.<\/em><\/p>\n\n\n\n<p>Durante el primer seminario de \u201cPropuestas para Chile 2026-2030\u201d, organizado por el Centro Latinoamericano de Pol\u00edticas Econ\u00f3micas y Sociales UC (CLAPES UC), la candidata presidencial de Chile Vamos, Evelyn Matthei, plante\u00f3 duras cr\u00edticas al funcionamiento de Televisi\u00f3n Nacional de Chile (TVN), reavivando as\u00ed el debate sobre el rol y el financiamiento del canal p\u00fablico.&nbsp;<\/p>\n\n\n\n<p>Frente a la consulta sobre la pertinencia del gasto estatal en TVN, Evelyn Matthei se\u00f1al\u00f3 que su propuesta es reducirlo \u201cal m\u00ednimo\u201d, ya que, a su juicio, \u201cno puede ser que cueste la cantidad que cuesta\u201d. En la misma l\u00ednea, cuestion\u00f3 el verdadero aporte del canal como medio p\u00fablico: \u201cCuando se pregunta cu\u00e1l es efectivamente el rol de lo p\u00fablico en las comunicaciones, tenemos que ver, por ejemplo, si es que tienen se\u00f1al de Arica a Punta Arenas, si es que tienen un archivo, si tienen acceso a cierta informaci\u00f3n b\u00e1sica. Pero, perd\u00f3n, endeudarnos para ver todos los s\u00e1bados y domingos <em>El Chavo del Ocho<\/em>, porque eso es lo que est\u00e1n mostrando en TVN, no me parece\u201d.&nbsp;<\/p>\n\n\n\n<p>Las declaraciones de la exalcaldesa de Providencia no solo generaron revuelo pol\u00edtico, sino que tambi\u00e9n movilizaron a acad\u00e9micos de la Universidad Cat\u00f3lica a pronunciarse sobre el tema desde diversas perspectivas, reconociendo el desaf\u00edo que implica compatibilizar el rol p\u00fablico del canal con su sostenibilidad econ\u00f3mica.&nbsp;&nbsp;<\/p>\n\n\n\n<p>Joaqu\u00edn Vial, acad\u00e9mico del Instituto de Econom\u00eda UC e investigador principal de Clapes, coincidi\u00f3 con la cr\u00edtica a la falta de diferenciaci\u00f3n entre TVN y los canales privados, se\u00f1alando que existe poca distancia entre la televisi\u00f3n p\u00fablica y privada en Chile. A\u00f1adi\u00f3 que otras formas de televisi\u00f3n p\u00fablica probablemente tampoco lograr\u00edan autofinanciarse, pero que el an\u00e1lisis debe centrarse en el an\u00e1lisis del bien com\u00fan que estos medios generan. No obstante, concluy\u00f3 que mantener una televisi\u00f3n p\u00fablica enfocada en entretenci\u00f3n resulta absurdo en el contexto actual, d\u00f3nde la oferta de contenidos est\u00e1 ampliamente disponible.&nbsp;<\/p>\n\n\n\n<p>Desde una postura m\u00e1s matizada, Fernando Coloma, profesor del mismo instituto, defendi\u00f3 la existencia de una televisi\u00f3n p\u00fablica, aunque advirti\u00f3 sobre su d\u00e9ficit estructural. El acad\u00e9mico sostuvo que, pese a las dificultades financieras de la cadena nacional, ser\u00eda un error llegar a una situaci\u00f3n en que el financiamiento p\u00fablico se reduzca al m\u00ednimo o desaparezca por completo. A su juicio, lo fundamental es que TVN sea administrado con prudencia y cuente con requisitos claros en materia de gesti\u00f3n y autofinanciamiento. \u201cEs muy importante que exista la convicci\u00f3n de que est\u00e1 financiando algo que vale la pena, algo que tiene sentido\u201d, coment\u00f3.&nbsp;<\/p>\n\n\n\n<p>Coloma tambi\u00e9n record\u00f3 experiencias exitosas en la historia de la televisi\u00f3n chilena, como el caso de<em> H\u00e9roes,<\/em> que logr\u00f3 combinar contenido con sentido y buen rating. Se\u00f1al\u00f3 que uno de los aspectos m\u00e1s complejos en la producci\u00f3n televisiva es el financiamiento y la generaci\u00f3n de visibilidad econ\u00f3mica. En ese contexto, destac\u00f3 <em>H\u00e9roes <\/em>como un ejemplo d\u00f3nde se logr\u00f3 convocar a empresas con disposici\u00f3n a financiar proyectos con sentido.&nbsp;&nbsp;<\/p>\n\n\n\n<p>En la misma l\u00ednea, Sergio Godoy, profesor de la Facultad de Comunicaciones UC, se\u00f1al\u00f3 que el impacto de TVN ha disminuido, tanto por la competencia con canales privados como por el auge de plataformas digitales. A su juicio, el rol de Televisi\u00f3n Nacional es distinto en el contexto actual, lo que exige un an\u00e1lisis desde distintas dimensiones. En particular, mencion\u00f3 c\u00f3mo la carga publicitaria influye en la programaci\u00f3n. No obstante, concluy\u00f3 que la cadena mantiene una marca significativa gracias a su cobertura nacional y a su rol como curadora de contenidos de buena calidad.&nbsp;&nbsp;<\/p>\n\n\n\n<p>Godoy subray\u00f3 tambi\u00e9n la importancia de que el canal estatal cumpla con su misi\u00f3n informativa, actuando con independencia y pluralismo. Concluy\u00f3 que mantener esa neutralidad constituye una forma concreta de cumplir con el rol p\u00fablico que le corresponde a la cadena.&nbsp;&nbsp;<\/p>\n\n\n\n<p>Desde una visi\u00f3n m\u00e1s estrat\u00e9gica, Fernando Acu\u00f1a, acad\u00e9mico de la misma facultad, sostuvo que, pese a las cr\u00edticas, los medios p\u00fablicos son hoy m\u00e1s necesarios que nunca. \u201cEl mercado audiovisual tiende a descartar formatos o tem\u00e1ticas que no generan alta rentabilidad, como el periodismo investigativo, los contenidos infantiles no comerciales, los programas sobre ciencia, cultura o envejecimiento. Los medios p\u00fablicos deben llenar ese vac\u00edo, garantizando la existencia de una oferta program\u00e1tica diversa y socialmente significativa (\u2026) En un escenario global dominado por plataformas extranjeras como Meta, Google o TikTok, TVN debe ofrecer una alternativa nacional y soberana para producir, distribuir y preservar contenidos audiovisuales, resguardando la memoria, la lengua y la identidad del pa\u00eds frente a procesos de homogeneizaci\u00f3n cultural\u00bb, manifest\u00f3.&nbsp;<\/p>\n\n\n\n<p>Las declaraciones de Matthei tambi\u00e9n provocaron una reacci\u00f3n inmediata desde el Sindicato de Prensa de TVN, que public\u00f3 un comunicado en su cuenta de Instagram, expresando preocupaci\u00f3n ante lo que calificaron como una actitud que ignora el futuro de sus trabajadores, sus familias y de quienes mantienen v\u00ednculos laborales indirectos con el canal.&nbsp;<\/p>\n\n\n\n<p>El comunicado tambi\u00e9n critic\u00f3 lo que consideraron un fomento al consumo de contenido pirata por parte de la candidata, se\u00f1alando que estos no generan pago de derechos de autor ni impuestos, a diferencia de la transmisi\u00f3n legal de TVN.\u00a0\u00a0<\/p>\n\n\n\n<p>\u201cResulta sorprendente escuchar afirmaciones desinformadas sobre el autofinanciamiento de TVN por parte de quien aspira a un cargo tan relevante para el pa\u00eds\u201d, concluye el mensaje, firmado por los Sindicatos 1, 2 y 3 de TVN junto a Hern\u00e1n Rosas, representante de los trabajadores en el directorio del canal.&nbsp;<\/p>\n\n\n\n<p><\/p>\n","protected":false},"excerpt":{"rendered":"<p>En el seminario organizado por CLAPES UC, la candidata presidencial Evelyn Matthei propuso la minimizaci\u00f3n del financiamiento de TVN. Acad\u00e9micos UC y funcionarios del canal advirtieron de las posibles consecuencias. Durante el primer seminario de \u201cPropuestas para Chile 2026-2030\u201d, organizado por el Centro Latinoamericano de Pol\u00edticas Econ\u00f3micas y Sociales UC (CLAPES UC), la candidata presidencial [&hellip;]<\/p>\n","protected":false},"author":1,"featured_media":3904,"comment_status":"open","ping_status":"open","sticky":false,"template":"","format":"standard","meta":{"_eb_attr":"","_gspb_post_css":"","om_disable_all_campaigns":false,"_monsterinsights_skip_tracking":false,"_monsterinsights_sitenote_active":false,"_monsterinsights_sitenote_note":"","_monsterinsights_sitenote_category":0,"footnotes":""},"categories":[14],"tags":[22],"class_list":["post-3903","post","type-post","status-publish","format-standard","has-post-thumbnail","hentry","category-actualidad","tag-destacado"],"blocksy_meta":[],"aioseo_notices":[],"_links":{"self":[{"href":"https:\/\/elpuclitico.cl\/index.php\/wp-json\/wp\/v2\/posts\/3903","targetHints":{"allow":["GET"]}}],"collection":[{"href":"https:\/\/elpuclitico.cl\/index.php\/wp-json\/wp\/v2\/posts"}],"about":[{"href":"https:\/\/elpuclitico.cl\/index.php\/wp-json\/wp\/v2\/types\/post"}],"author":[{"embeddable":true,"href":"https:\/\/elpuclitico.cl\/index.php\/wp-json\/wp\/v2\/users\/1"}],"replies":[{"embeddable":true,"href":"https:\/\/elpuclitico.cl\/index.php\/wp-json\/wp\/v2\/comments?post=3903"}],"version-history":[{"count":3,"href":"https:\/\/elpuclitico.cl\/index.php\/wp-json\/wp\/v2\/posts\/3903\/revisions"}],"predecessor-version":[{"id":3908,"href":"https:\/\/elpuclitico.cl\/index.php\/wp-json\/wp\/v2\/posts\/3903\/revisions\/3908"}],"wp:featuredmedia":[{"embeddable":true,"href":"https:\/\/elpuclitico.cl\/index.php\/wp-json\/wp\/v2\/media\/3904"}],"wp:attachment":[{"href":"https:\/\/elpuclitico.cl\/index.php\/wp-json\/wp\/v2\/media?parent=3903"}],"wp:term":[{"taxonomy":"category","embeddable":true,"href":"https:\/\/elpuclitico.cl\/index.php\/wp-json\/wp\/v2\/categories?post=3903"},{"taxonomy":"post_tag","embeddable":true,"href":"https:\/\/elpuclitico.cl\/index.php\/wp-json\/wp\/v2\/tags?post=3903"}],"curies":[{"name":"wp","href":"https:\/\/api.w.org\/{rel}","templated":true}]}}