{"id":3913,"date":"2025-06-28T00:02:48","date_gmt":"2025-06-28T00:02:48","guid":{"rendered":"https:\/\/elpuclitico.cl\/?p=3913"},"modified":"2026-02-25T03:48:52","modified_gmt":"2026-02-25T03:48:52","slug":"renuncia-ct-de-ingenieria-comercial-no-siempre-hubo-espacio-real-para-pensar-distinto","status":"publish","type":"post","link":"https:\/\/elpuclitico.cl\/index.php\/2025\/06\/28\/renuncia-ct-de-ingenieria-comercial-no-siempre-hubo-espacio-real-para-pensar-distinto\/","title":{"rendered":"Renuncia CT de Ingenier\u00eda Comercial: \u201cNo siempre hubo espacio real para pensar distinto\u201d\u00a0"},"content":{"rendered":"\n<p><em>Mart\u00edn Apparcel, hasta ahora Consejero Territorial de Ingenier\u00eda Comercial por el Movimiento Gremial, present\u00f3 su renuncia indeclinable al cargo mediante un comunicado dirigido a la cadena de representantes estudiantiles. La decisi\u00f3n, que seg\u00fan el propio estudiante fue tomada por motivos personales y acad\u00e9micos, estuvo tambi\u00e9n marcada por cr\u00edticas al ambiente dentro del movimiento gremial al que pertenec\u00eda.\u00a0<\/em><\/p>\n\n\n\n<p>\u201cEsta decisi\u00f3n no ha sido sencilla, y responde a razones personales y acad\u00e9micas que, lamentablemente, me impiden seguir cumpliendo con la responsabilidad y dedicaci\u00f3n que este cargo merece\u201d, expres\u00f3 Apparcel en su mensaje.&nbsp;<\/p>\n\n\n\n<p>No obstante, tambi\u00e9n aprovech\u00f3 la instancia para realizar una reflexi\u00f3n cr\u00edtica sobre el funcionamiento interno del movimiento gremial, apuntando a una falta de apertura frente a posturas divergentes. \u201cSiendo honesto, no puedo dejar de mencionar que en varios momentos sent\u00ed que dentro del movimiento gremial no siempre hubo espacio real para pensar distinto. A veces, simplemente tener una mirada propia bastaba para generar incomodidad, como si la disidencia fuese un problema m\u00e1s que una oportunidad para enriquecer el trabajo colectivo\u201d.&nbsp;<\/p>\n\n\n\n<p>Adem\u00e1s, Apparcel afirm\u00f3 haber percibido \u201cciertas presiones\u201d por parte de la directiva del movimiento, las cuales contribuyeron a su decisi\u00f3n de dejar el cargo. \u201cDesde la directiva del movimiento gremial he percibido ciertas presiones que, en m\u00e1s de una ocasi\u00f3n, se manifestaron a trav\u00e9s de comentarios o actitudes que considero poco sanas dentro de un espacio de representaci\u00f3n estudiantil. Si bien no se trat\u00f3 de situaciones expl\u00edcitas, s\u00ed generaron un ambiente que me hizo sentir inc\u00f3modo y cuestionado en lo personal\u201d.&nbsp;<\/p>\n\n\n\n<p>Sin embargo, tambi\u00e9n matiz\u00f3 sus palabras, asegurando que esas situaciones no representan a la mayor\u00eda de quienes integran el movimiento. \u201cMe parece importante decir, sin embargo, que estas acciones no reflejan el esp\u00edritu de la mayor\u00eda de quienes forman parte del movimiento, especialmente aquellos con quienes he compartido el trabajo cotidiano, desde el respeto, la colaboraci\u00f3n y el compa\u00f1erismo\u201d.&nbsp;<\/p>\n\n\n\n<p>En su carta, Apparcel propuso como su reemplazante a Carlos C\u00e1ceres, estudiante de segundo a\u00f1o de Ingenier\u00eda Comercial, a quien calific\u00f3 como una persona en la que conf\u00eda \u201cplenamente\u201d para asumir el rol de Consejero Territorial.&nbsp;<\/p>\n\n\n\n<p>Una hora despu\u00e9s del correo de Mart\u00edn, la direcci\u00f3n del Movimiento Gremial respondi\u00f3 se\u00f1alando que \u201cqueremos transparentarles a ustedes como representantes, que fuimos nosotros como directiva quienes le pedimos la renuncia. Esto en virtud de que fue \u00e9l quien no cumpli\u00f3 con los lineamientos mencionados, los que resguardan el respeto hacia otras personas, entre otras cosas\u201d, escribi\u00f3 Mar\u00eda Ignacia Mackenna, vicepresidenta externa del movimiento. &nbsp;<\/p>\n\n\n\n<p>Adem\u00e1s, indicaron que dentro del movimiento tienen reglas bastante r\u00edgidas,&nbsp;\u201cen especial respecto de quienes ostentan cargos de representaci\u00f3n, ello en virtud de poder garantizar un ambiente sano de comunidad y una correcta representaci\u00f3n de nuestros compa\u00f1eros\u201d, se lee en el correo.&nbsp;Por \u00faltimo, le entregaron el apoyo a Carlos. \u201cQuedamos sumamente atentos a la citaci\u00f3n a consejo extraordinario por parte de la directiva de la federaci\u00f3n y apreciamos profundamente la disposici\u00f3n de Carlos por asumir este nuevo desaf\u00edo y estamos seguros de que aprovechar\u00e1 al m\u00e1ximo este espacio\u201d. &nbsp;<\/p>\n","protected":false},"excerpt":{"rendered":"<p>Mart\u00edn Apparcel, hasta ahora Consejero Territorial de Ingenier\u00eda Comercial por el Movimiento Gremial, present\u00f3 su renuncia indeclinable al cargo mediante un comunicado dirigido a la cadena de representantes estudiantiles. La decisi\u00f3n, que seg\u00fan el propio estudiante fue tomada por motivos personales y acad\u00e9micos, estuvo tambi\u00e9n marcada por cr\u00edticas al ambiente dentro del movimiento gremial al [&hellip;]<\/p>\n","protected":false},"author":1,"featured_media":3914,"comment_status":"open","ping_status":"open","sticky":false,"template":"","format":"standard","meta":{"_eb_attr":"","_gspb_post_css":"","om_disable_all_campaigns":false,"_monsterinsights_skip_tracking":false,"_monsterinsights_sitenote_active":false,"_monsterinsights_sitenote_note":"","_monsterinsights_sitenote_category":0,"footnotes":""},"categories":[14,17],"tags":[22],"class_list":["post-3913","post","type-post","status-publish","format-standard","has-post-thumbnail","hentry","category-actualidad","category-politicauniversitaria","tag-destacado"],"blocksy_meta":[],"aioseo_notices":[],"_links":{"self":[{"href":"https:\/\/elpuclitico.cl\/index.php\/wp-json\/wp\/v2\/posts\/3913","targetHints":{"allow":["GET"]}}],"collection":[{"href":"https:\/\/elpuclitico.cl\/index.php\/wp-json\/wp\/v2\/posts"}],"about":[{"href":"https:\/\/elpuclitico.cl\/index.php\/wp-json\/wp\/v2\/types\/post"}],"author":[{"embeddable":true,"href":"https:\/\/elpuclitico.cl\/index.php\/wp-json\/wp\/v2\/users\/1"}],"replies":[{"embeddable":true,"href":"https:\/\/elpuclitico.cl\/index.php\/wp-json\/wp\/v2\/comments?post=3913"}],"version-history":[{"count":2,"href":"https:\/\/elpuclitico.cl\/index.php\/wp-json\/wp\/v2\/posts\/3913\/revisions"}],"predecessor-version":[{"id":3917,"href":"https:\/\/elpuclitico.cl\/index.php\/wp-json\/wp\/v2\/posts\/3913\/revisions\/3917"}],"wp:featuredmedia":[{"embeddable":true,"href":"https:\/\/elpuclitico.cl\/index.php\/wp-json\/wp\/v2\/media\/3914"}],"wp:attachment":[{"href":"https:\/\/elpuclitico.cl\/index.php\/wp-json\/wp\/v2\/media?parent=3913"}],"wp:term":[{"taxonomy":"category","embeddable":true,"href":"https:\/\/elpuclitico.cl\/index.php\/wp-json\/wp\/v2\/categories?post=3913"},{"taxonomy":"post_tag","embeddable":true,"href":"https:\/\/elpuclitico.cl\/index.php\/wp-json\/wp\/v2\/tags?post=3913"}],"curies":[{"name":"wp","href":"https:\/\/api.w.org\/{rel}","templated":true}]}}