{"id":4031,"date":"2025-08-06T14:14:27","date_gmt":"2025-08-06T14:14:27","guid":{"rendered":"https:\/\/elpuclitico.cl\/?p=4031"},"modified":"2025-08-06T14:14:27","modified_gmt":"2025-08-06T14:14:27","slug":"contraloria-ratifica-que-la-tne-solo-debe-usarse-para-fines-academicos","status":"publish","type":"post","link":"https:\/\/elpuclitico.cl\/index.php\/2025\/08\/06\/contraloria-ratifica-que-la-tne-solo-debe-usarse-para-fines-academicos\/","title":{"rendered":"Contralor\u00eda ratifica que la TNE solo debe usarse para fines acad\u00e9micos"},"content":{"rendered":"\n<p><em>El dictamen responde a un reclamo ciudadano y refuerza el criterio de la Subsecretar\u00eda de Transportes, aunque tambi\u00e9n aclara que los operadores no pueden fiscalizar el motivo del viaje.\u00a0<\/em><\/p>\n\n\n\n<p>Aunque la Tarjeta Nacional Estudiantil (TNE) permite su uso durante todo el a\u00f1o y sin restricciones horarias, la Contralor\u00eda General de la Rep\u00fablica el d\u00eda de ayer confirm\u00f3 que su utilizaci\u00f3n debe estar limitada exclusivamente a traslados con fines de estudio. Esta interpretaci\u00f3n respalda lo ya expresado por la Subsecretar\u00eda de Transportes.&nbsp;<\/p>\n\n\n\n<p>El pronunciamiento de la Contralor\u00eda responde a una consulta realizada por un usuario, quien reclam\u00f3 que la Gu\u00eda de Uso publicada por Junaeb no especificaba restricciones respecto al prop\u00f3sito del viaje. Al acudir a la Subsecretar\u00eda de Transportes, se le inform\u00f3 que el beneficio aplica \u00fanicamente para desplazamientos acad\u00e9micos, lo que finalmente fue ratificado por el ente contralor a trav\u00e9s de un dictamen que alude al Decreto N.\u00ba 20, el cual establece que la TNE puede utilizarse los 12 meses del a\u00f1o y en cualquier horario, siempre que el traslado tenga fines educativos.&nbsp;<\/p>\n\n\n\n<p>No obstante, desde la Subsecretar\u00eda se puntualiz\u00f3 que las empresas de transporte no est\u00e1n autorizadas a exigir a los estudiantes una justificaci\u00f3n del motivo de su viaje. Esta aclaraci\u00f3n tambi\u00e9n fue validada por el an\u00e1lisis legal de la Contralor\u00eda.&nbsp;<\/p>\n\n\n\n<p>La resoluci\u00f3n ya gener\u00f3 reacciones en el Congreso. Desde la C\u00e1mara, la diputada Emilia Scheneider anunci\u00f3 que oficiar\u00e1 al Ministerio de Transportes, manifestando preocupaci\u00f3n por los efectos que esta interpretaci\u00f3n podr\u00eda tener sobre la movilidad estudiantil. \u201cNo podemos permitir que esto signifique un retroceso en un derecho que ha sido conquistado con a\u00f1os de lucha por las y los estudiantes de Chile\u201d, escribi\u00f3 en su cuenta de X.<\/p>\n\n\n\n<p><\/p>\n","protected":false},"excerpt":{"rendered":"<p>El dictamen responde a un reclamo ciudadano y refuerza el criterio de la Subsecretar\u00eda de Transportes, aunque tambi\u00e9n aclara que los operadores no pueden fiscalizar el motivo del viaje.\u00a0 Aunque la Tarjeta Nacional Estudiantil (TNE) permite su uso durante todo el a\u00f1o y sin restricciones horarias, la Contralor\u00eda General de la Rep\u00fablica el d\u00eda de [&hellip;]<\/p>\n","protected":false},"author":1,"featured_media":4032,"comment_status":"open","ping_status":"open","sticky":false,"template":"","format":"standard","meta":{"_eb_attr":"","_gspb_post_css":"","om_disable_all_campaigns":false,"_monsterinsights_skip_tracking":false,"_monsterinsights_sitenote_active":false,"_monsterinsights_sitenote_note":"","_monsterinsights_sitenote_category":0,"footnotes":""},"categories":[14],"tags":[22],"class_list":["post-4031","post","type-post","status-publish","format-standard","has-post-thumbnail","hentry","category-actualidad","tag-destacado"],"blocksy_meta":[],"aioseo_notices":[],"_links":{"self":[{"href":"https:\/\/elpuclitico.cl\/index.php\/wp-json\/wp\/v2\/posts\/4031","targetHints":{"allow":["GET"]}}],"collection":[{"href":"https:\/\/elpuclitico.cl\/index.php\/wp-json\/wp\/v2\/posts"}],"about":[{"href":"https:\/\/elpuclitico.cl\/index.php\/wp-json\/wp\/v2\/types\/post"}],"author":[{"embeddable":true,"href":"https:\/\/elpuclitico.cl\/index.php\/wp-json\/wp\/v2\/users\/1"}],"replies":[{"embeddable":true,"href":"https:\/\/elpuclitico.cl\/index.php\/wp-json\/wp\/v2\/comments?post=4031"}],"version-history":[{"count":2,"href":"https:\/\/elpuclitico.cl\/index.php\/wp-json\/wp\/v2\/posts\/4031\/revisions"}],"predecessor-version":[{"id":4034,"href":"https:\/\/elpuclitico.cl\/index.php\/wp-json\/wp\/v2\/posts\/4031\/revisions\/4034"}],"wp:featuredmedia":[{"embeddable":true,"href":"https:\/\/elpuclitico.cl\/index.php\/wp-json\/wp\/v2\/media\/4032"}],"wp:attachment":[{"href":"https:\/\/elpuclitico.cl\/index.php\/wp-json\/wp\/v2\/media?parent=4031"}],"wp:term":[{"taxonomy":"category","embeddable":true,"href":"https:\/\/elpuclitico.cl\/index.php\/wp-json\/wp\/v2\/categories?post=4031"},{"taxonomy":"post_tag","embeddable":true,"href":"https:\/\/elpuclitico.cl\/index.php\/wp-json\/wp\/v2\/tags?post=4031"}],"curies":[{"name":"wp","href":"https:\/\/api.w.org\/{rel}","templated":true}]}}