{"id":4039,"date":"2025-08-07T22:28:00","date_gmt":"2025-08-07T22:28:00","guid":{"rendered":"https:\/\/elpuclitico.cl\/?p=4039"},"modified":"2025-08-07T22:28:00","modified_gmt":"2025-08-07T22:28:00","slug":"donde-se-encuentra-el-debate-sobre-el-fes","status":"publish","type":"post","link":"https:\/\/elpuclitico.cl\/index.php\/2025\/08\/07\/donde-se-encuentra-el-debate-sobre-el-fes\/","title":{"rendered":"\u00bfD\u00f3nde se encuentra el debate sobre el FES?\u00a0"},"content":{"rendered":"\n<p><em>En entrevista con CNN, el ministro de Educaci\u00f3n, Nicol\u00e1s Cataldo, entreg\u00f3 nuevos detalles sobre el proyecto que busca reemplazar al CAE y se pronunci\u00f3 frente a diversas observaciones y cr\u00edticas hacia el nuevo sistema de admisi\u00f3n.\u00a0<\/em><\/p>\n\n\n\n<p>El ministro de Educaci\u00f3n, Nicol\u00e1s Cataldo, se refiri\u00f3 al proyecto de ley que busca reemplazar al Cr\u00e9dito con Aval del Estado (CAE), donde entreg\u00f3 diversos detalles sobre su actual discusi\u00f3n y tensiones.&nbsp;<\/p>\n\n\n\n<p>Seg\u00fan detall\u00f3 el ministro, el Consejo Fiscal Aut\u00f3nomo (CFA) se pronunci\u00f3 ante la Comisi\u00f3n de Hacienda de la C\u00e1mara de Diputadas y Diputados sobre el FES, advirtiendo que el proyecto podr\u00eda suponer riesgos para la estabilidad de las finanzas p\u00fablicas. El Consejo solicit\u00f3 la realizaci\u00f3n de mayores simulaciones y la consideraci\u00f3n de diversos escenarios en el informe financiero. En esta misma l\u00ednea, el CFA plante\u00f3 inquietudes de si el nuevo sistema de financiamiento funcionar\u00eda como un cr\u00e9dito o un impuesto. Estas advertencias han llevado a reevaluar las proyecciones en torno al FES y el impacto que este proyecto podr\u00eda tener. A partir de esto, algunos parlamentarios sugirieron aplazar la votaci\u00f3n del nuevo sistema de admisi\u00f3n.&nbsp;<\/p>\n\n\n\n<p>El nuevo sistema de Financiamiento para la Educaci\u00f3n Superior (FES) pretende ser m\u00e1s accesible y equitativo, eliminando la necesidad de requisitos socioecon\u00f3micos y ciertos puntajes para acceder a \u00e9l. Adem\u00e1s, podr\u00e1n optar al FES los estudiantes que actualmente financian sus estudios a trav\u00e9s del CAE o el Fondo Solidario.&nbsp;&nbsp;<\/p>\n\n\n\n<p>El beneficio cubrir\u00eda la duraci\u00f3n formal de la carrera m\u00e1s un a\u00f1o adicional, y no contemplar\u00eda pagos de matr\u00edcula ni arancel para estudiantes pertenecientes hasta el noveno decil de ingresos. En el caso del \u00faltimo decil, las instituciones educativas tendr\u00e1n la facultad de cobrar un monto adicional. Para quienes mantienen deudas educativas, el proyecto buscar\u00e1 otorgar una condonaci\u00f3n total o parcial, seg\u00fan diversos criterios, como si el estudiante finaliz\u00f3 o no sus estudios, o si se encuentra al d\u00eda en sus pagos.&nbsp;<\/p>\n\n\n\n<p>Ante las observaciones del Consejo Fiscal, Cataldo mencion\u00f3 la importancia de que todos est\u00e9n de acuerdo en los potenciales efectos de una pol\u00edtica p\u00fablica con tanto impacto como el FES. Adem\u00e1s, el ministro indic\u00f3 que se han realizado muchas simulaciones y que hay una iteraci\u00f3n que est\u00e1 en proceso, recalcando que el informe financiero no est\u00e1 terminado. Las inquietudes del Consejo ser\u00e1n resueltas en conjunto con el Ministerio de Hacienda, donde Nicol\u00e1s Cataldo resalt\u00f3 la significaci\u00f3n del proyecto, mencionando que se busca resolver el problema de endeudamiento de familias por el CAE y tambi\u00e9n la b\u00fasqueda de una f\u00f3rmula que permita regularizar la cantidad de recursos utilizadas por el Fisco. &nbsp;<\/p>\n\n\n\n<p>Actualmente, el sistema permite el copago en un rango m\u00e1s amplio de deciles de que propone originalmente el FES, que solo contempla esta posibilidad para el \u00faltimo decil. Ante esto, diversas autoridades han se\u00f1alado la necesidad de permitir el copago en m\u00e1s tramos socioecon\u00f3micos, con tal de que no se impliquen mermas para las universidades. Frente a estas inquietudes, el ministro asegur\u00f3 que \u201cno hay un tema vetado\u201d, por lo que esta opci\u00f3n seguir\u00e1 abierta en el debate del proyecto. Este debate, precisa Cataldo, deber\u00eda darse bajo ciertos supuestos que sean comunes.&nbsp; &nbsp;<\/p>\n\n\n\n<p>El Gobierno ha propuesto un l\u00edmite de 80 mil vacantes para los nuevos beneficiarios que tendr\u00eda el FES. Este l\u00edmite ha sido valorado, pero tambi\u00e9n criticado, indicando que podr\u00eda ser insuficiente. En esta materia, Cataldo mencion\u00f3 que \u201cno es una regulaci\u00f3n de vacantes al sistema de educaci\u00f3n superior, sino de acceso al instrumento\u201d. Adem\u00e1s, el ministro plante\u00f3 que la cifra l\u00edmite fue fijada a partir de la cantidad de estudiantes que actualmente cuentan con alg\u00fan beneficio del Estado.&nbsp;&nbsp;<\/p>\n\n\n\n<p>Adem\u00e1s, el ministro se refiri\u00f3 a tres componentes fundamentales de la Ley de Presupuesto. En primer lugar, para presentar el informe, anunci\u00f3 que se constituy\u00f3 un equipo t\u00e9cnico externo que encargado de evaluar y proponer medidas para mejorar el sistema de admisi\u00f3n escolar. En segundo lugar, y a partir de ese informe, se present\u00f3 un proyecto de ley que busca reformar el sistema actual, permitiendo habilitar establecimientos de alto desempe\u00f1o acad\u00e9mico bajo determinados criterios comunes. Por \u00faltimo, se propuso suspender la parte aleatoria del sistema de admisi\u00f3n vigente, reemplaz\u00e1ndolo por un mecanismo determin\u00edstico con tal de resolver empates. Esta propuesta, construida en conjunto con acad\u00e9micos de la Universidad de Chile y la Universidad Cat\u00f3lica, se ordena y determina por datos como el RUT y el RBD del establecimiento (c\u00f3digo identificador del colegio).&nbsp;<\/p>\n\n\n\n<p>Respecto a otros requisitos obligatorios (como tener un hermano estudiando, ser hijo de un funcionario, entre otros), el ministro Nicol\u00e1s Cataldo aclar\u00f3 que estos aplicar\u00e1n siempre y que no se encuentran suspendidos. Cuando se aplican estos requisitos y hay empate, se utilizar\u00e1 el mecanismo mencionado.&nbsp;&nbsp;<\/p>\n","protected":false},"excerpt":{"rendered":"<p>En entrevista con CNN, el ministro de Educaci\u00f3n, Nicol\u00e1s Cataldo, entreg\u00f3 nuevos detalles sobre el proyecto que busca reemplazar al CAE y se pronunci\u00f3 frente a diversas observaciones y cr\u00edticas hacia el nuevo sistema de admisi\u00f3n.\u00a0 El ministro de Educaci\u00f3n, Nicol\u00e1s Cataldo, se refiri\u00f3 al proyecto de ley que busca reemplazar al Cr\u00e9dito con Aval [&hellip;]<\/p>\n","protected":false},"author":1,"featured_media":4040,"comment_status":"open","ping_status":"open","sticky":false,"template":"","format":"standard","meta":{"_eb_attr":"","_gspb_post_css":"","om_disable_all_campaigns":false,"_monsterinsights_skip_tracking":false,"_monsterinsights_sitenote_active":false,"_monsterinsights_sitenote_note":"","_monsterinsights_sitenote_category":0,"footnotes":""},"categories":[14],"tags":[22],"class_list":["post-4039","post","type-post","status-publish","format-standard","has-post-thumbnail","hentry","category-actualidad","tag-destacado"],"blocksy_meta":[],"aioseo_notices":[],"_links":{"self":[{"href":"https:\/\/elpuclitico.cl\/index.php\/wp-json\/wp\/v2\/posts\/4039","targetHints":{"allow":["GET"]}}],"collection":[{"href":"https:\/\/elpuclitico.cl\/index.php\/wp-json\/wp\/v2\/posts"}],"about":[{"href":"https:\/\/elpuclitico.cl\/index.php\/wp-json\/wp\/v2\/types\/post"}],"author":[{"embeddable":true,"href":"https:\/\/elpuclitico.cl\/index.php\/wp-json\/wp\/v2\/users\/1"}],"replies":[{"embeddable":true,"href":"https:\/\/elpuclitico.cl\/index.php\/wp-json\/wp\/v2\/comments?post=4039"}],"version-history":[{"count":2,"href":"https:\/\/elpuclitico.cl\/index.php\/wp-json\/wp\/v2\/posts\/4039\/revisions"}],"predecessor-version":[{"id":4049,"href":"https:\/\/elpuclitico.cl\/index.php\/wp-json\/wp\/v2\/posts\/4039\/revisions\/4049"}],"wp:featuredmedia":[{"embeddable":true,"href":"https:\/\/elpuclitico.cl\/index.php\/wp-json\/wp\/v2\/media\/4040"}],"wp:attachment":[{"href":"https:\/\/elpuclitico.cl\/index.php\/wp-json\/wp\/v2\/media?parent=4039"}],"wp:term":[{"taxonomy":"category","embeddable":true,"href":"https:\/\/elpuclitico.cl\/index.php\/wp-json\/wp\/v2\/categories?post=4039"},{"taxonomy":"post_tag","embeddable":true,"href":"https:\/\/elpuclitico.cl\/index.php\/wp-json\/wp\/v2\/tags?post=4039"}],"curies":[{"name":"wp","href":"https:\/\/api.w.org\/{rel}","templated":true}]}}