{"id":4043,"date":"2025-08-07T15:50:13","date_gmt":"2025-08-07T15:50:13","guid":{"rendered":"https:\/\/elpuclitico.cl\/?p=4043"},"modified":"2025-08-07T16:51:24","modified_gmt":"2025-08-07T16:51:24","slug":"candidatos-que-lideran-encuestas-se-reunen-por-primera-vez-en-charla-sobre-mineria","status":"publish","type":"post","link":"https:\/\/elpuclitico.cl\/index.php\/2025\/08\/07\/candidatos-que-lideran-encuestas-se-reunen-por-primera-vez-en-charla-sobre-mineria\/","title":{"rendered":"Candidatos que lideran encuestas se re\u00fanen por primera vez en charla sobre miner\u00eda\u00a0"},"content":{"rendered":"\n<p><em>En una semana marcada por la tragedia en mina El Teniente, Jos\u00e9 Antonio Kast, Jeannette Jara, Evelyn Matthei, Franco Parisi y Johannes Kaiser protagonizaron un tenso encuentro con pol\u00e9micas intervenciones y amplia cobertura medi\u00e1tica.<\/em>&nbsp;<\/p>\n\n\n\n<p>El edificio Andronico Luksic recibi\u00f3 este mi\u00e9rcoles a los&nbsp;cinco candidatos presidenciales que lideran las encuestas hasta la fecha. All\u00ed, el&nbsp;postgrado de miner\u00eda&nbsp;UC&nbsp;dio lugar a un debate sobre el&nbsp;futuro de la miner\u00eda&nbsp;en Chile, tema especialmente delicado tras el reciente fallecimiento de seis mineros en la mina El Teniente, junto con recientes denuncias de abuso laboral en distintas faenas del pa\u00eds.&nbsp;<\/p>\n\n\n\n<p>La charla, que reuni\u00f3 a Evelyn Matthei de Chile Vamos, Jeannette Jara del oficialismo, Johannes Kaiser del Partido Nacional Libertario, Franco Parisi del Partido de la Gente y, Jos\u00e9 Antonio Kast del Partido Republicano, estuvo marcada por la consolidaci\u00f3n de posturas por parte de los invitados.&nbsp;&nbsp;<\/p>\n\n\n\n<p>Revive los momentos destacados en <a href=\"https:\/\/www.instagram.com\/p\/DND6UTOuAUP\/?igsh=MXV4d3VsMGk5N3NnbQ==\" title=\"\">nuestro post de Instagram.\u00a0<\/a><\/p>\n","protected":false},"excerpt":{"rendered":"<p>En una semana marcada por la tragedia en mina El Teniente, Jos\u00e9 Antonio Kast, Jeannette Jara, Evelyn Matthei, Franco Parisi y Johannes Kaiser protagonizaron un tenso encuentro con pol\u00e9micas intervenciones y amplia cobertura medi\u00e1tica.&nbsp; El edificio Andronico Luksic recibi\u00f3 este mi\u00e9rcoles a los&nbsp;cinco candidatos presidenciales que lideran las encuestas hasta la fecha. All\u00ed, el&nbsp;postgrado de [&hellip;]<\/p>\n","protected":false},"author":1,"featured_media":4044,"comment_status":"open","ping_status":"open","sticky":false,"template":"","format":"standard","meta":{"_eb_attr":"","_gspb_post_css":"","om_disable_all_campaigns":false,"_monsterinsights_skip_tracking":false,"_monsterinsights_sitenote_active":false,"_monsterinsights_sitenote_note":"","_monsterinsights_sitenote_category":0,"footnotes":""},"categories":[14],"tags":[22],"class_list":["post-4043","post","type-post","status-publish","format-standard","has-post-thumbnail","hentry","category-actualidad","tag-destacado"],"blocksy_meta":[],"aioseo_notices":[],"_links":{"self":[{"href":"https:\/\/elpuclitico.cl\/index.php\/wp-json\/wp\/v2\/posts\/4043","targetHints":{"allow":["GET"]}}],"collection":[{"href":"https:\/\/elpuclitico.cl\/index.php\/wp-json\/wp\/v2\/posts"}],"about":[{"href":"https:\/\/elpuclitico.cl\/index.php\/wp-json\/wp\/v2\/types\/post"}],"author":[{"embeddable":true,"href":"https:\/\/elpuclitico.cl\/index.php\/wp-json\/wp\/v2\/users\/1"}],"replies":[{"embeddable":true,"href":"https:\/\/elpuclitico.cl\/index.php\/wp-json\/wp\/v2\/comments?post=4043"}],"version-history":[{"count":3,"href":"https:\/\/elpuclitico.cl\/index.php\/wp-json\/wp\/v2\/posts\/4043\/revisions"}],"predecessor-version":[{"id":4048,"href":"https:\/\/elpuclitico.cl\/index.php\/wp-json\/wp\/v2\/posts\/4043\/revisions\/4048"}],"wp:featuredmedia":[{"embeddable":true,"href":"https:\/\/elpuclitico.cl\/index.php\/wp-json\/wp\/v2\/media\/4044"}],"wp:attachment":[{"href":"https:\/\/elpuclitico.cl\/index.php\/wp-json\/wp\/v2\/media?parent=4043"}],"wp:term":[{"taxonomy":"category","embeddable":true,"href":"https:\/\/elpuclitico.cl\/index.php\/wp-json\/wp\/v2\/categories?post=4043"},{"taxonomy":"post_tag","embeddable":true,"href":"https:\/\/elpuclitico.cl\/index.php\/wp-json\/wp\/v2\/tags?post=4043"}],"curies":[{"name":"wp","href":"https:\/\/api.w.org\/{rel}","templated":true}]}}