{"id":4054,"date":"2025-08-09T23:13:37","date_gmt":"2025-08-09T23:13:37","guid":{"rendered":"https:\/\/elpuclitico.cl\/?p=4054"},"modified":"2026-02-25T03:47:46","modified_gmt":"2026-02-25T03:47:46","slug":"concentracion-confech-la-tne-no-se-fiscaliza-se-garantiza","status":"publish","type":"post","link":"https:\/\/elpuclitico.cl\/index.php\/2025\/08\/09\/concentracion-confech-la-tne-no-se-fiscaliza-se-garantiza\/","title":{"rendered":"Concentraci\u00f3n CONFECH: \u201cLa TNE no se fiscaliza, se garantiza\u201d"},"content":{"rendered":"\n<p><em>La manifestaci\u00f3n convocada por la CONFECH congreg\u00f3 a universitarios y secundarios que exig\u00edan la modificaci\u00f3n del Decreto N\u00b020, el cual indicaba que la Tarjeta Nacional Estudiantil (TNE) debe utilizarse solo con fines acad\u00e9micos.\u00a0<\/em>\u00a0<\/p>\n\n\n\n<p>El pasado 11 de julio, tras el reclamo de un estudiante contra la respuesta de la Subsecretar\u00eda de Transportes, la Contralor\u00eda General de la Rep\u00fablica emiti\u00f3 un oficio se\u00f1alando que la Tarjeta Nacional Estudiantil (TNE) debe utilizarse \u00fanicamente con fines de estudio, de acuerdo con lo establecido por el Decreto N\u00b020. El dictamen gener\u00f3 gran confusi\u00f3n y cr\u00edtica, lo que llev\u00f3 a la Confederaci\u00f3n de Estudiantes de Chile (CONFECH) a convocar una movilizaci\u00f3n a las afueras de la Contralor\u00eda, con tal de expresar su descontento y exigir la modificaci\u00f3n del decreto.&nbsp;<\/p>\n\n\n\n<p>Por lo anterior, el 7 de agosto el ministro de Educaci\u00f3n, Nicol\u00e1s Cataldo, present\u00f3 ante el organismo una solicitud de reconsideraci\u00f3n, con el fin de revertir la contradicci\u00f3n que dichas afirmaciones mantienen respecto de las circulares instructivas de la JUNAEB sobre el uso de la TNE. Tras esto, la Contralor\u00eda aclar\u00f3 que la tarjeta s\u00ed puede utilizarse durante todo el a\u00f1o, incluyendo enero y febrero. Adem\u00e1s, precis\u00f3 que la pol\u00e9mica restricci\u00f3n no proviene de su instituci\u00f3n, por lo que no cuentan con las atribuciones para modificar la normativa vigente. Aun as\u00ed, resaltaron que estar\u00edan al tanto de eventuales modificaciones al decreto.&nbsp;<\/p>\n\n\n\n<p>La pol\u00e9mica, conllevo a una movilizaci\u00f3n efectuada el 8 de agosto que reuni\u00f3 a estudiantes universitarios y secundarios, encabezados por las federaciones de estudiantes de la Universidad de Santiago (FEUSACH) y la Universidad Diego Portales (FEDEP). La convocatoria comenz\u00f3 al mediod\u00eda en la estaci\u00f3n de metro Los H\u00e9roes y avanz\u00f3 hacia la Contralor\u00eda, donde Carabineros cerr\u00f3 el paso a la calle Teatinos. Pese a ello, las presidencias de ambas federaciones lograron entrar al lugar y dar entrega del documento con las respectivas demandas.&nbsp;<\/p>\n\n\n\n<p>Paralelamente, a las 12:30,&nbsp; la Directiva FEUC junto a la Consejer\u00eda Superior informaron v\u00eda Outlook sobre la redacci\u00f3n de una carta dirigida a los ministerios de Transportes y Educaci\u00f3n, de modo que pueda rectificarse el decreto supremo n\u00famero 20 al que hizo alusi\u00f3n la decisi\u00f3n de la Contralor\u00eda. En espec\u00edfico, el escrito destaca la incertidumbre y preocupaci\u00f3n por la contradicci\u00f3n habida entre el decreto perteneciente al Ministerio de Transportes y la postura flexible del Ministerio de Educaci\u00f3n.&nbsp; Con base en lo anterior, la carta resalta que la vigente normativa \u201cdesconoce la realidad de la vida estudiantil\u201d y por eso, exige una modificaci\u00f3n \u201cexplicita y urgente\u201d del decreto, de modo tal que se evite toda ambig\u00fcedad. &nbsp;<\/p>\n\n\n\n<p>Junto con lo anterior, el correo enviado por el presidente de la FEUC, Jean Bertran Joublan, finaliz\u00f3 con un llamado a adherir a la carta. Para ello, se fij\u00f3 como plazo este domingo a las 00:00, ya que, \u201cdada la celeridad que requiere el tema, la carta ser\u00e1 enviada el lunes a primera hora a ambos ministerios\u201d.&nbsp;<\/p>\n","protected":false},"excerpt":{"rendered":"<p>La manifestaci\u00f3n convocada por la CONFECH congreg\u00f3 a universitarios y secundarios que exig\u00edan la modificaci\u00f3n del Decreto N\u00b020, el cual indicaba que la Tarjeta Nacional Estudiantil (TNE) debe utilizarse solo con fines acad\u00e9micos.\u00a0\u00a0 El pasado 11 de julio, tras el reclamo de un estudiante contra la respuesta de la Subsecretar\u00eda de Transportes, la Contralor\u00eda General [&hellip;]<\/p>\n","protected":false},"author":1,"featured_media":4055,"comment_status":"open","ping_status":"open","sticky":false,"template":"","format":"standard","meta":{"_eb_attr":"","_gspb_post_css":"","om_disable_all_campaigns":false,"_monsterinsights_skip_tracking":false,"_monsterinsights_sitenote_active":false,"_monsterinsights_sitenote_note":"","_monsterinsights_sitenote_category":0,"footnotes":""},"categories":[14,17],"tags":[22],"class_list":["post-4054","post","type-post","status-publish","format-standard","has-post-thumbnail","hentry","category-actualidad","category-politicauniversitaria","tag-destacado"],"blocksy_meta":[],"aioseo_notices":[],"_links":{"self":[{"href":"https:\/\/elpuclitico.cl\/index.php\/wp-json\/wp\/v2\/posts\/4054","targetHints":{"allow":["GET"]}}],"collection":[{"href":"https:\/\/elpuclitico.cl\/index.php\/wp-json\/wp\/v2\/posts"}],"about":[{"href":"https:\/\/elpuclitico.cl\/index.php\/wp-json\/wp\/v2\/types\/post"}],"author":[{"embeddable":true,"href":"https:\/\/elpuclitico.cl\/index.php\/wp-json\/wp\/v2\/users\/1"}],"replies":[{"embeddable":true,"href":"https:\/\/elpuclitico.cl\/index.php\/wp-json\/wp\/v2\/comments?post=4054"}],"version-history":[{"count":1,"href":"https:\/\/elpuclitico.cl\/index.php\/wp-json\/wp\/v2\/posts\/4054\/revisions"}],"predecessor-version":[{"id":4056,"href":"https:\/\/elpuclitico.cl\/index.php\/wp-json\/wp\/v2\/posts\/4054\/revisions\/4056"}],"wp:featuredmedia":[{"embeddable":true,"href":"https:\/\/elpuclitico.cl\/index.php\/wp-json\/wp\/v2\/media\/4055"}],"wp:attachment":[{"href":"https:\/\/elpuclitico.cl\/index.php\/wp-json\/wp\/v2\/media?parent=4054"}],"wp:term":[{"taxonomy":"category","embeddable":true,"href":"https:\/\/elpuclitico.cl\/index.php\/wp-json\/wp\/v2\/categories?post=4054"},{"taxonomy":"post_tag","embeddable":true,"href":"https:\/\/elpuclitico.cl\/index.php\/wp-json\/wp\/v2\/tags?post=4054"}],"curies":[{"name":"wp","href":"https:\/\/api.w.org\/{rel}","templated":true}]}}