{"id":4077,"date":"2025-08-12T23:30:46","date_gmt":"2025-08-12T23:30:46","guid":{"rendered":"https:\/\/elpuclitico.cl\/?p=4077"},"modified":"2026-02-25T03:47:06","modified_gmt":"2026-02-25T03:47:06","slug":"feuc-presenta-carta-a-los-ministerios-de-educacion-y-transporte-por-controversia-con-la-tne","status":"publish","type":"post","link":"https:\/\/elpuclitico.cl\/index.php\/2025\/08\/12\/feuc-presenta-carta-a-los-ministerios-de-educacion-y-transporte-por-controversia-con-la-tne\/","title":{"rendered":"FEUC presenta carta a los ministerios de Educaci\u00f3n y Transporte por controversia con la TNE\u00a0"},"content":{"rendered":"\n<p><em>El documento, redactado por la Directiva FEUC y firmado por diversos representantes y estudiantes de la comunidad UC, manifiesta preocupaci\u00f3n por los dichos de la Contralor\u00eda que limitaban el uso de la TNE y solicita modificar el Decreto N\u00b020.<\/em><\/p>\n\n\n\n<p>El pasado 11 de julio, la Contralor\u00eda General de la Rep\u00fablica emiti\u00f3 un dictamen ratificando que la Tarjeta Nacional Estudiantil (TNE) solo puede utilizarse con fines acad\u00e9micos. Este oficio reafirma lo sostenido en el Decreto N\u00b020 del Ministerio de Transportes y Telecomunicaciones.&nbsp;<\/p>\n\n\n\n<p>A partir de esto, surgieron grandes cr\u00edticas en contra del pronunciamiento de la Contralor\u00eda. En consecuencia, la Confederaci\u00f3n de Estudiantes de Chile (CONFECH) convoc\u00f3 una movilizaci\u00f3n al exterior de la instituci\u00f3n el pasado 8 de agosto, expresando el descontento del estudiantado y exigiendo la modificaci\u00f3n del decreto.&nbsp;<\/p>\n\n\n\n<p>Este lunes 11 de agosto, la Federaci\u00f3n de Estudiantes de la Universidad Cat\u00f3lica (FEUC) present\u00f3 una carta al Ministerio de Educaci\u00f3n y al Ministerio de Transporte y Telecomunicaciones, exponiendo su postura frente a la controversia por la TNE.&nbsp;&nbsp;&nbsp;<\/p>\n\n\n\n<p>En la carta se proclama un desconocimiento de la realidad de la vida estudiante: \u201cNo solo contradicen el esp\u00edritu de la normativa, sino que tambi\u00e9n desconoce la realidad de la vida estudiantil. Una visi\u00f3n limitada de lo que constituye un \u00b4motivo de estudio\u00b4 es una forma acotada de entender la formaci\u00f3n. El aprendizaje no se restringe al aula\u201d. Es decir que, para las organizaciones firmantes, la restricci\u00f3n ignora la realidad de la vida estudiantil, que incluye actividades extracurriculares, visitas culturales e iniciativas fuera de la sala de clases.&nbsp;<\/p>\n\n\n\n<p>Adem\u00e1s, la directiva FEUC exige la \u201cmodificaci\u00f3n expl\u00edcita y urgente del Decreto 20 del MTT, para eliminar cualquier ambig\u00fcedad\u201d. Reconocen tambi\u00e9n el subsidio al transporte estudiantil como un pilar fundamental de apoyo para los estudiantes. Enfatizan en que el beneficio debe aplicarse \u201cde manera uniforme y sin restricciones\u201d como ha sido desde un principio y que esto no significar\u00eda un aumento en el gasto p\u00fablico.&nbsp;&nbsp;<\/p>\n\n\n\n<p>Diversos representantes de la federaci\u00f3n como centros de estudiantes, consejer\u00edas territoriales, consejer\u00edas acad\u00e9micas e inclusive estudiantes firmaron la carta, adhiriendo a la demanda presentada.&nbsp;<\/p>\n\n\n\n<p>En conversaci\u00f3n con&nbsp;El PUCl\u00edtico, Jean Bertrand Joublan, presidente de la FEUC, explic\u00f3: \u201cLo que buscamos generar con la carta era que efectivamente se respetara este beneficio estudiantil. Como directiva identificamos que el problema no era la Contralor\u00eda, sino el Decreto N\u00b020 del Ministerio de Transportes, que no se actualiza desde 2014, lo que permite interpretaciones como la que dictamin\u00f3 finalmente la Contralor\u00eda\u201d. Joublan agreg\u00f3 que la directiva opt\u00f3 por una v\u00eda institucional para resguardar el beneficio, priorizando un di\u00e1logo honesto antes de recurrir a acciones medi\u00e1ticas.&nbsp;<\/p>\n\n\n\n<p>Respecto al impacto para los estudiantes, el presidente de la FEUC afirm\u00f3: \u201cEste es un problema que nos atinge a todos, m\u00e1s a\u00fan a aquellos compa\u00f1eros m\u00e1s vulnerables, para quienes el beneficio de la TNE es sustancial para poder estudiar. No estamos dispuestos a que este beneficio se termine o se vea amenazado\u201d.&nbsp;<\/p>\n\n\n\n<p>Sobre la alta adhesi\u00f3n a la carta, Joublan destac\u00f3: \u201cEs muy bonito cuando podemos priorizar necesidades transversales en pol\u00edtica y trabajar juntos en cosas que nos involucran a todos. Aunque muchas veces el tono en pol\u00edtica universitaria puede ser tenso, como directiva siempre estamos abiertos a trabajar con todos, m\u00e1s all\u00e1 de diferencias pol\u00edticas o de prioridades\u201d.&nbsp;<\/p>\n\n\n\n<p>En cuanto a los pasos a seguir, el dirigente se\u00f1al\u00f3: \u201cEl siguiente paso para la TNE es que este beneficio siga siendo garantizado para todos nuestros compa\u00f1eros. A principios de a\u00f1o buscamos que tuviera una renovaci\u00f3n a un formato m\u00e1s digital, que fue uno de los compromisos que debi\u00f3 haber adquirido el Ministerio de Educaci\u00f3n. Ahora, esperamos que se pueda modificar el Decreto N\u00b020 del Ministerio de Transportes para evitar interpretaciones que afecten el beneficio y, sobre todo, seguir garantiz\u00e1ndolo tal como est\u00e1\u201d.&nbsp;<\/p>\n","protected":false},"excerpt":{"rendered":"<p>El documento, redactado por la Directiva FEUC y firmado por diversos representantes y estudiantes de la comunidad UC, manifiesta preocupaci\u00f3n por los dichos de la Contralor\u00eda que limitaban el uso de la TNE y solicita modificar el Decreto N\u00b020. El pasado 11 de julio, la Contralor\u00eda General de la Rep\u00fablica emiti\u00f3 un dictamen ratificando que [&hellip;]<\/p>\n","protected":false},"author":1,"featured_media":4078,"comment_status":"open","ping_status":"open","sticky":false,"template":"","format":"standard","meta":{"_eb_attr":"","_gspb_post_css":"","om_disable_all_campaigns":false,"_monsterinsights_skip_tracking":false,"_monsterinsights_sitenote_active":false,"_monsterinsights_sitenote_note":"","_monsterinsights_sitenote_category":0,"footnotes":""},"categories":[14,17],"tags":[22],"class_list":["post-4077","post","type-post","status-publish","format-standard","has-post-thumbnail","hentry","category-actualidad","category-politicauniversitaria","tag-destacado"],"blocksy_meta":[],"aioseo_notices":[],"_links":{"self":[{"href":"https:\/\/elpuclitico.cl\/index.php\/wp-json\/wp\/v2\/posts\/4077","targetHints":{"allow":["GET"]}}],"collection":[{"href":"https:\/\/elpuclitico.cl\/index.php\/wp-json\/wp\/v2\/posts"}],"about":[{"href":"https:\/\/elpuclitico.cl\/index.php\/wp-json\/wp\/v2\/types\/post"}],"author":[{"embeddable":true,"href":"https:\/\/elpuclitico.cl\/index.php\/wp-json\/wp\/v2\/users\/1"}],"replies":[{"embeddable":true,"href":"https:\/\/elpuclitico.cl\/index.php\/wp-json\/wp\/v2\/comments?post=4077"}],"version-history":[{"count":1,"href":"https:\/\/elpuclitico.cl\/index.php\/wp-json\/wp\/v2\/posts\/4077\/revisions"}],"predecessor-version":[{"id":4079,"href":"https:\/\/elpuclitico.cl\/index.php\/wp-json\/wp\/v2\/posts\/4077\/revisions\/4079"}],"wp:featuredmedia":[{"embeddable":true,"href":"https:\/\/elpuclitico.cl\/index.php\/wp-json\/wp\/v2\/media\/4078"}],"wp:attachment":[{"href":"https:\/\/elpuclitico.cl\/index.php\/wp-json\/wp\/v2\/media?parent=4077"}],"wp:term":[{"taxonomy":"category","embeddable":true,"href":"https:\/\/elpuclitico.cl\/index.php\/wp-json\/wp\/v2\/categories?post=4077"},{"taxonomy":"post_tag","embeddable":true,"href":"https:\/\/elpuclitico.cl\/index.php\/wp-json\/wp\/v2\/tags?post=4077"}],"curies":[{"name":"wp","href":"https:\/\/api.w.org\/{rel}","templated":true}]}}