{"id":4113,"date":"2025-08-19T01:02:25","date_gmt":"2025-08-19T01:02:25","guid":{"rendered":"https:\/\/elpuclitico.cl\/?p=4113"},"modified":"2025-12-28T22:14:54","modified_gmt":"2025-12-28T22:14:54","slug":"por-segundo-ano-consecutivo-se-adelantan-elecciones-feuc","status":"publish","type":"post","link":"https:\/\/elpuclitico.cl\/index.php\/2025\/08\/19\/por-segundo-ano-consecutivo-se-adelantan-elecciones-feuc\/","title":{"rendered":"Por segundo a\u00f1o consecutivo: Se adelantan elecciones FEUC\u00a0"},"content":{"rendered":"\n<p><em>Con un 93,7% de apoyo y sin mayores objeciones, el Consejo FEUC aprob\u00f3 la modificaci\u00f3n transitoria a los estatutos que habilita el calendario electoral de septiembre y octubre. Las fechas a\u00fan deben ser ratificadas este jueves por el Consejo Ejecutivo.\u00a0<\/em><\/p>\n\n\n\n<p>En la sesi\u00f3n ordinaria del Consejo FEUC, el segundo punto de la tabla correspondi\u00f3 a la votaci\u00f3n de una reforma transitoria a los estatutos, propuesta por la directiva de la federaci\u00f3n.&nbsp;<\/p>\n\n\n\n<p>Seg\u00fan inform\u00f3 la FEUC a trav\u00e9s de su cadena de representantes en Outlook, la modificaci\u00f3n presentada responde a un procedimiento habitual en a\u00f1os anteriores: ajustar de manera menor los estatutos para permitir que las elecciones se desarrollen en las fechas previstas. \u201cAl no tratarse de una reforma sustancial, corresponde su aprobaci\u00f3n en el Consejo FEUC, salvo que el Consejo Ejecutivo se pronuncie en sentido contrario. Solicitamos su aprobaci\u00f3n sin objeciones, ya que la reforma no altera el esp\u00edritu del estatuto y constituye la \u00fanica v\u00eda para realizar las elecciones en el calendario propuesto\u201d, se\u00f1alaron desde la directiva.&nbsp;<\/p>\n\n\n\n<p>Con nulas objeciones desarrolladas en el consejo y un quorum total de 87.4%, se aprob\u00f3 la reforma transitoria de los estatutos propuesta por la federaci\u00f3n. Las votaciones acumulan un 93,7% de aprobaci\u00f3n, un 5,1% de rechazo y una abstenci\u00f3n, equivalente al 1,3% de los sufragios. &nbsp;<\/p>\n\n\n\n<p>El cronograma electoral propuesto contempla las siguientes fechas: del 15 al 23 de septiembre se realizar\u00e1 la preinscripci\u00f3n de candidaturas; entre el 22 y el 26 de septiembre tendr\u00e1 lugar la precampa\u00f1a; el 27 de septiembre ser\u00e1 la inscripci\u00f3n oficial de las listas; del 29 de septiembre al 8 de octubre se extender\u00e1 la campa\u00f1a de Federaci\u00f3n de Estudiantes, Consejer\u00eda Superior y Consejeros Territoriales; el 7 y 8 de octubre se llevar\u00e1 a cabo la primera vuelta de elecciones; entre el 13 y el 22 de octubre se desarrollar\u00e1 la campa\u00f1a para segunda vuelta; y finalmente, el 21 y 22 de octubre se efectuar\u00e1n las elecciones de segunda vuelta.&nbsp;<\/p>\n\n\n\n<p>No obstante, queda pendiente la ratificaci\u00f3n de las fechas en el Consejo Ejecutivo, que se llevar\u00e1 a cabo este jueves. &nbsp;<\/p>\n","protected":false},"excerpt":{"rendered":"<p>Con un 93,7% de apoyo y sin mayores objeciones, el Consejo FEUC aprob\u00f3 la modificaci\u00f3n transitoria a los estatutos que habilita el calendario electoral de septiembre y octubre. Las fechas a\u00fan deben ser ratificadas este jueves por el Consejo Ejecutivo.\u00a0 En la sesi\u00f3n ordinaria del Consejo FEUC, el segundo punto de la tabla correspondi\u00f3 a [&hellip;]<\/p>\n","protected":false},"author":1,"featured_media":4114,"comment_status":"open","ping_status":"open","sticky":false,"template":"","format":"standard","meta":{"_eb_attr":"","_gspb_post_css":"","om_disable_all_campaigns":false,"_monsterinsights_skip_tracking":false,"_monsterinsights_sitenote_active":false,"_monsterinsights_sitenote_note":"","_monsterinsights_sitenote_category":0,"footnotes":""},"categories":[14,61,17],"tags":[22],"class_list":["post-4113","post","type-post","status-publish","format-standard","has-post-thumbnail","hentry","category-actualidad","category-elecciones-feuc-2026","category-politicauniversitaria","tag-destacado"],"blocksy_meta":[],"aioseo_notices":[],"_links":{"self":[{"href":"https:\/\/elpuclitico.cl\/index.php\/wp-json\/wp\/v2\/posts\/4113","targetHints":{"allow":["GET"]}}],"collection":[{"href":"https:\/\/elpuclitico.cl\/index.php\/wp-json\/wp\/v2\/posts"}],"about":[{"href":"https:\/\/elpuclitico.cl\/index.php\/wp-json\/wp\/v2\/types\/post"}],"author":[{"embeddable":true,"href":"https:\/\/elpuclitico.cl\/index.php\/wp-json\/wp\/v2\/users\/1"}],"replies":[{"embeddable":true,"href":"https:\/\/elpuclitico.cl\/index.php\/wp-json\/wp\/v2\/comments?post=4113"}],"version-history":[{"count":1,"href":"https:\/\/elpuclitico.cl\/index.php\/wp-json\/wp\/v2\/posts\/4113\/revisions"}],"predecessor-version":[{"id":4115,"href":"https:\/\/elpuclitico.cl\/index.php\/wp-json\/wp\/v2\/posts\/4113\/revisions\/4115"}],"wp:featuredmedia":[{"embeddable":true,"href":"https:\/\/elpuclitico.cl\/index.php\/wp-json\/wp\/v2\/media\/4114"}],"wp:attachment":[{"href":"https:\/\/elpuclitico.cl\/index.php\/wp-json\/wp\/v2\/media?parent=4113"}],"wp:term":[{"taxonomy":"category","embeddable":true,"href":"https:\/\/elpuclitico.cl\/index.php\/wp-json\/wp\/v2\/categories?post=4113"},{"taxonomy":"post_tag","embeddable":true,"href":"https:\/\/elpuclitico.cl\/index.php\/wp-json\/wp\/v2\/tags?post=4113"}],"curies":[{"name":"wp","href":"https:\/\/api.w.org\/{rel}","templated":true}]}}