{"id":4116,"date":"2025-08-19T14:25:15","date_gmt":"2025-08-19T14:25:15","guid":{"rendered":"https:\/\/elpuclitico.cl\/?p=4116"},"modified":"2025-12-28T22:14:42","modified_gmt":"2025-12-28T22:14:42","slug":"comienza-el-proceso-se-constituye-tricel-para-las-elecciones-feuc-2026","status":"publish","type":"post","link":"https:\/\/elpuclitico.cl\/index.php\/2025\/08\/19\/comienza-el-proceso-se-constituye-tricel-para-las-elecciones-feuc-2026\/","title":{"rendered":"Comienza el proceso: Se constituye TRICEL para las Elecciones FEUC 2026\u00a0"},"content":{"rendered":"\n<p><em>Este lunes 18 de agosto, durante el consejo FEUC, se votaron a las cinco parejas que constituir\u00e1n el Tribunal Calificador de Elecciones para las pr\u00f3ximas elecciones FEUC 2026.\u00a0\u00a0<\/em><\/p>\n\n\n\n<p>El 17 de agosto, la Directiva FEUC, a trav\u00e9s de la cadena de representantes, abri\u00f3 las postulaciones para conformar el Tribunal Calificador de Elecciones (TRICEL), encargado de supervisar las elecciones de octubre. Al d\u00eda siguiente, en una sesi\u00f3n ordinaria del Consejo FEUC realizada durante la tarde, se procedi\u00f3 a la votaci\u00f3n para elegir a los estudiantes que integrar\u00e1n dicho organismo.&nbsp;&nbsp;<\/p>\n\n\n\n<p>De acuerdo con los estatutos, el Tribunal Calificador de Elecciones (TRICEL) es el organismo encargado de implementar y fiscalizar los procesos eleccionarios. Su car\u00e1cter es temporal y act\u00faa como \u00faltima instancia para resolver problem\u00e1ticas que puedan surgir durante el proceso eleccionario.&nbsp;&nbsp;<\/p>\n\n\n\n<p>Entre sus principales facultades, se encuentran: velar por el cumplimiento de las normas estatutarias; atender e investigar las cuestiones relativas a las elecciones; declarar a los representantes electos; garantizar un sufragio universal y aut\u00f3nomo; distribuir y complementar el material necesario para la votaci\u00f3n; y aplicar las sanciones o penalizaciones que correspondan.&nbsp;&nbsp;<\/p>\n\n\n\n<p>En este proceso, fueron seis las duplas que se postularon para conformar el organismo. De las cuales cinco conformar\u00e1n finalmente el TRICEL.&nbsp;&nbsp;<\/p>\n\n\n\n<p>La primera mayor\u00eda fue obtenida por <strong>Amanda Poblete (BUS)<\/strong> y <strong>Nicol\u00e1s Palacios (FA)<\/strong>, estudiantes de Historia y Letras. En segundo lugar, se registr\u00f3 un <strong>empate<\/strong> entre dos duplas: por un lado, <strong>Antonia Rebolledo y Carolina Su\u00e1rez (NAU)<\/strong>, de Derecho y de Agronom\u00eda y Sistemas Naturales; y por otro, <strong>Montserrat Marizulich (Surgencia)<\/strong> junto a <strong>Emilia Mart\u00ednez (IND. x Amanecer)<\/strong>, de Ciencias de la Salud y Teolog\u00eda.&nbsp;<\/p>\n\n\n\n<p>La tercera posici\u00f3n fue para <strong>Nicol\u00e1s Pozo y Andr\u00e9s Ferrer (MG), <\/strong>de las carreras de Derecho e Ingenier\u00eda. Finalmente, la quinta dupla en conformar el organismo est\u00e1 integrada por <strong>Santiago del Real y Trinidad Zavala (SDD), <\/strong>de Derecho e Ingenier\u00eda Comercial.&nbsp;<\/p>\n\n\n\n<p>Cabe destacar que todas las postulaciones realizadas por las distintas duplas se realizaron de forma independiente, sin mediar los movimientos en ellas.&nbsp;&nbsp;<\/p>\n\n\n\n<p>Tras finalizar el Consejo, <strong>Nicol\u00e1s Palacios (FA)<\/strong> se refiri\u00f3 a las expectativas respecto del trabajo que desempe\u00f1ar\u00e1 el TRICEL en este proceso, haciendo hincapi\u00e9 en que usar\u00edan el proceso anterior como una base: \u201cYo en lo personal he estado revisando mucho durante todo el a\u00f1o las resoluciones de lo que fue el a\u00f1o pasado el proceso y espero basarme mucho en eso para poder construir algo a\u00fan m\u00e1s fluido, en el sentido de que hubieron muchas cosas que se sintieron como entorpecidas en el proceso pasado debido a distintos choques, no necesariamente entre las mismas personas que eran parte del tribunal sino como en los mismos procesos que se entorpec\u00edan unos con otros y que al final obligaba a que el tribunal estuviera reuni\u00e9ndose quiz\u00e1 mucho m\u00e1s de lo que podr\u00eda haber sido \u00f3ptimo\u201d indic\u00f3 el electo por el Frente Amplio. Por su parte, su compa\u00f1era, <strong>Amanda Poblete (BUS) <\/strong>expres\u00f3 recibir con honor la confianza depositada en ellos.&nbsp;&nbsp;<\/p>\n\n\n\n<p>Por su parte, la dupla perdedora, compuesta por los independientes<strong> Martina Montre y Jos\u00e9 Luis N\u00fa\u00f1ez<\/strong> de Ciencia Pol\u00edtica e Ingenier\u00eda, criticaron duramente el proceso indicando que: \u201cSiempre hemos sabido que este tipo de votaciones en realidad no son votaciones democr\u00e1ticas, sino que por atr\u00e1s se cuadran todos los votos a trav\u00e9s de los movimientos y pactos que tienen ellos mismos. Siempre ha funcionado as\u00ed\u201d.&nbsp;&nbsp;<\/p>\n\n\n\n<p>Sobre su postulaci\u00f3n, afirmaron que decidieron postularse \u201cporque de lo contrario esto hubiera sido una rectificaci\u00f3n de los cinco candidatos de los movimientos que est\u00e1n siempre en las mismas listas, y no se hubiera hecho real democracia. Al menos logramos poner un punto, que fue que este TRICEL para nada es un ente aut\u00f3nomo ni imparcial, y est\u00e1 totalmente secuestrado por los mismos movimientos y partidos pol\u00edticos de la UC\u201d.&nbsp;<\/p>\n\n\n\n<p>Por otro lado, Evelyn Rojas, expresidenta del TRICEL en el proceso anterior, coment\u00f3 que espera que como nuevo equipo: \u201clogren que en los momentos de crisis puedan disociar lo que son los intereses de sus movimientos con lo que es un buen proceso\u201d.&nbsp;&nbsp;<\/p>\n\n\n\n<p>Sobre su trabajo en el anterior, destac\u00f3 que \u201ctodos dejaron la vara muy alta porque las situaciones que vivimos requirieron muchas veces de disociarse, votar cosas que ellos no estaban de acuerdo, y, ten\u00edan todo un grupo detr\u00e1s, logrando hacer un trabajo muy profesional\u201d.&nbsp;<\/p>\n\n\n\n<p>Finalmente, la estudiante de Ciencia Pol\u00edtica cerr\u00f3 haciendo un llamado; \u201c(&#8230;) lo que m\u00e1s les encargo -si es que les puedo hacer un encargo- es que no tengan miedo de denunciar con toda la fuerza y con todo el ah\u00ednco que puedan cualquier situaci\u00f3n por muy peque\u00f1a que sea, que genere una duda en el proceso. Porque la gente que no denuncia y que se calla; es c\u00f3mplice y al mismo tiempo construyen los horrores que vemos hoy en d\u00eda en la pol\u00edtica. Porque recuerda que los pol\u00edticos que est\u00e1n en el congreso salen de ac\u00e1\u201d.&nbsp;<\/p>\n\n\n\n<p>El TRICEL contar\u00e1 adem\u00e1s con la participaci\u00f3n de <strong>Mar\u00eda Jes\u00fas Ebner, <\/strong>secretaria general de la Directiva FEUC, qui\u00e9n asumir\u00e1 el rol de ministro de fe. Asimismo, se sumar\u00e1n tres acad\u00e9micos de la Universidad Cat\u00f3lica, cuya designaci\u00f3n deber\u00e1 ser ratificada mediante votaci\u00f3n del Consejo FEUC en una pr\u00f3xima votaci\u00f3n.&nbsp;&nbsp;<\/p>\n","protected":false},"excerpt":{"rendered":"<p>Este lunes 18 de agosto, durante el consejo FEUC, se votaron a las cinco parejas que constituir\u00e1n el Tribunal Calificador de Elecciones para las pr\u00f3ximas elecciones FEUC 2026.\u00a0\u00a0 El 17 de agosto, la Directiva FEUC, a trav\u00e9s de la cadena de representantes, abri\u00f3 las postulaciones para conformar el Tribunal Calificador de Elecciones (TRICEL), encargado de [&hellip;]<\/p>\n","protected":false},"author":1,"featured_media":4117,"comment_status":"open","ping_status":"open","sticky":false,"template":"","format":"standard","meta":{"_eb_attr":"","_gspb_post_css":"","om_disable_all_campaigns":false,"_monsterinsights_skip_tracking":false,"_monsterinsights_sitenote_active":false,"_monsterinsights_sitenote_note":"","_monsterinsights_sitenote_category":0,"footnotes":""},"categories":[14,61,17],"tags":[22,52,53],"class_list":["post-4116","post","type-post","status-publish","format-standard","has-post-thumbnail","hentry","category-actualidad","category-elecciones-feuc-2026","category-politicauniversitaria","tag-destacado","tag-elecciones-feuc-2026","tag-tricel-feuc"],"blocksy_meta":[],"aioseo_notices":[],"_links":{"self":[{"href":"https:\/\/elpuclitico.cl\/index.php\/wp-json\/wp\/v2\/posts\/4116","targetHints":{"allow":["GET"]}}],"collection":[{"href":"https:\/\/elpuclitico.cl\/index.php\/wp-json\/wp\/v2\/posts"}],"about":[{"href":"https:\/\/elpuclitico.cl\/index.php\/wp-json\/wp\/v2\/types\/post"}],"author":[{"embeddable":true,"href":"https:\/\/elpuclitico.cl\/index.php\/wp-json\/wp\/v2\/users\/1"}],"replies":[{"embeddable":true,"href":"https:\/\/elpuclitico.cl\/index.php\/wp-json\/wp\/v2\/comments?post=4116"}],"version-history":[{"count":2,"href":"https:\/\/elpuclitico.cl\/index.php\/wp-json\/wp\/v2\/posts\/4116\/revisions"}],"predecessor-version":[{"id":4119,"href":"https:\/\/elpuclitico.cl\/index.php\/wp-json\/wp\/v2\/posts\/4116\/revisions\/4119"}],"wp:featuredmedia":[{"embeddable":true,"href":"https:\/\/elpuclitico.cl\/index.php\/wp-json\/wp\/v2\/media\/4117"}],"wp:attachment":[{"href":"https:\/\/elpuclitico.cl\/index.php\/wp-json\/wp\/v2\/media?parent=4116"}],"wp:term":[{"taxonomy":"category","embeddable":true,"href":"https:\/\/elpuclitico.cl\/index.php\/wp-json\/wp\/v2\/categories?post=4116"},{"taxonomy":"post_tag","embeddable":true,"href":"https:\/\/elpuclitico.cl\/index.php\/wp-json\/wp\/v2\/tags?post=4116"}],"curies":[{"name":"wp","href":"https:\/\/api.w.org\/{rel}","templated":true}]}}