{"id":4125,"date":"2025-08-21T16:23:58","date_gmt":"2025-08-21T16:23:58","guid":{"rendered":"https:\/\/elpuclitico.cl\/?p=4125"},"modified":"2025-08-21T16:23:58","modified_gmt":"2025-08-21T16:23:58","slug":"estudiante-uc-conquista-el-oro-y-plata-en-asu-2025","status":"publish","type":"post","link":"https:\/\/elpuclitico.cl\/index.php\/2025\/08\/21\/estudiante-uc-conquista-el-oro-y-plata-en-asu-2025\/","title":{"rendered":"Estudiante UC conquista el oro y plata en Asu 2025"},"content":{"rendered":"\n<p><em>Emilia M\u00e9ndez, estudiante de Medicina UC, brill\u00f3 en el esqu\u00ed n\u00e1utico al conquistar la medalla de oro en la modalidad de slalom y la presea de plata en salto, consolid\u00e1ndose como una de las grandes figuras de la disciplina.<\/em><\/p>\n\n\n\n<p>La estudiante de tercer a\u00f1o de Medicina UC, Emilia M\u00e9ndez, complet\u00f3 una gran jornada con una medalla de oro y una de plata en los Juegos Panamericanos Junior 2025 en Asunci\u00f3n.&nbsp;<\/p>\n\n\n\n<p>La esquiadora de la UC inici\u00f3 su participaci\u00f3n en la final de la modalidad slalom de esqu\u00ed n\u00e1utico en aguas guaran\u00edes, donde igual\u00f3 con su compatriota Daniela Kretschmer. Ambas chilenas disputaron un desempate, en el que Emilia se impuso para quedarse con la medalla de oro.<\/p>\n\n\n\n<p>M\u00e1s tarde, M\u00e9ndez volvi\u00f3 a competir, esta vez en la modalidad de salto, donde alcanz\u00f3 una marca de 39,4 metros. Con ese registro super\u00f3 a la representante estadounidense, aunque no le bast\u00f3 para imponerse frente a los 41,7 metros de la canadiense, quien se qued\u00f3 con la victoria.<\/p>\n\n\n\n<p>As\u00ed, la deportista de la UC se adjudic\u00f3 las dos medallas y le otorg\u00f3 al Team Chile su oro n\u00famero 16 en estos juegos.&nbsp;<\/p>\n\n\n\n<p>Emilia, volver\u00e1 a competir este jueves 21, en las categor\u00edas slalom overall, figuras overall y salto overall.<em><br><\/em><br><\/p>\n","protected":false},"excerpt":{"rendered":"<p>Emilia M\u00e9ndez, estudiante de Medicina UC, brill\u00f3 en el esqu\u00ed n\u00e1utico al conquistar la medalla de oro en la modalidad de slalom y la presea de plata en salto, consolid\u00e1ndose como una de las grandes figuras de la disciplina. La estudiante de tercer a\u00f1o de Medicina UC, Emilia M\u00e9ndez, complet\u00f3 una gran jornada con una [&hellip;]<\/p>\n","protected":false},"author":1,"featured_media":4126,"comment_status":"open","ping_status":"open","sticky":false,"template":"","format":"standard","meta":{"_eb_attr":"","_gspb_post_css":"","om_disable_all_campaigns":false,"_monsterinsights_skip_tracking":false,"_monsterinsights_sitenote_active":false,"_monsterinsights_sitenote_note":"","_monsterinsights_sitenote_category":0,"footnotes":""},"categories":[46],"tags":[22],"class_list":["post-4125","post","type-post","status-publish","format-standard","has-post-thumbnail","hentry","category-deportes","tag-destacado"],"blocksy_meta":[],"aioseo_notices":[],"_links":{"self":[{"href":"https:\/\/elpuclitico.cl\/index.php\/wp-json\/wp\/v2\/posts\/4125","targetHints":{"allow":["GET"]}}],"collection":[{"href":"https:\/\/elpuclitico.cl\/index.php\/wp-json\/wp\/v2\/posts"}],"about":[{"href":"https:\/\/elpuclitico.cl\/index.php\/wp-json\/wp\/v2\/types\/post"}],"author":[{"embeddable":true,"href":"https:\/\/elpuclitico.cl\/index.php\/wp-json\/wp\/v2\/users\/1"}],"replies":[{"embeddable":true,"href":"https:\/\/elpuclitico.cl\/index.php\/wp-json\/wp\/v2\/comments?post=4125"}],"version-history":[{"count":1,"href":"https:\/\/elpuclitico.cl\/index.php\/wp-json\/wp\/v2\/posts\/4125\/revisions"}],"predecessor-version":[{"id":4127,"href":"https:\/\/elpuclitico.cl\/index.php\/wp-json\/wp\/v2\/posts\/4125\/revisions\/4127"}],"wp:featuredmedia":[{"embeddable":true,"href":"https:\/\/elpuclitico.cl\/index.php\/wp-json\/wp\/v2\/media\/4126"}],"wp:attachment":[{"href":"https:\/\/elpuclitico.cl\/index.php\/wp-json\/wp\/v2\/media?parent=4125"}],"wp:term":[{"taxonomy":"category","embeddable":true,"href":"https:\/\/elpuclitico.cl\/index.php\/wp-json\/wp\/v2\/categories?post=4125"},{"taxonomy":"post_tag","embeddable":true,"href":"https:\/\/elpuclitico.cl\/index.php\/wp-json\/wp\/v2\/tags?post=4125"}],"curies":[{"name":"wp","href":"https:\/\/api.w.org\/{rel}","templated":true}]}}