{"id":4159,"date":"2025-09-02T13:26:33","date_gmt":"2025-09-02T13:26:33","guid":{"rendered":"https:\/\/elpuclitico.cl\/?p=4159"},"modified":"2026-02-25T03:45:55","modified_gmt":"2026-02-25T03:45:55","slug":"consejo-feuc-aprueba-someter-a-votacion-territorial-la-paralizacion-del-11-de-septiembre","status":"publish","type":"post","link":"https:\/\/elpuclitico.cl\/index.php\/2025\/09\/02\/consejo-feuc-aprueba-someter-a-votacion-territorial-la-paralizacion-del-11-de-septiembre\/","title":{"rendered":"Consejo FEUC aprueba someter a votaci\u00f3n territorial la paralizaci\u00f3n del 11 de septiembre\u00a0"},"content":{"rendered":"\n<p><em>La moci\u00f3n fue aprobada con un 71,6% de apoyo, frente a un 24,3% en contra y un 4,1% de abstenciones. El documento, elaborado por el Colectivo de Memoria y DD.HH. UC, cuestiona los avances de la universidad.\u00a0<\/em><\/p>\n\n\n\n<p>El pasado 29 de agosto, el Centro de Estudiantes de Trabajo Social inform\u00f3, a trav\u00e9s de la cadena de representantes v\u00eda Outlook, sobre la elaboraci\u00f3n de un petitorio impulsado por el Colectivo de Memoria y Derechos Humanos UC. El documento busca \u201crecoger inquietudes y propuestas que apuntan a la necesidad de dar una respuesta com\u00fan y formal desde nuestra comunidad universitaria\u201d y recibi\u00f3 el respaldo de distintos Centros de Estudiantes y Consejer\u00edas Territoriales.&nbsp;<\/p>\n\n\n\n<p>El petitorio, dirigido al rector Juan Carlos de la Llera y que ser\u00e1 presentado a las autoridades pertinentes, contempla seis puntos: el reconocimiento del rol de la Universidad durante la dictadura y la emisi\u00f3n de un perd\u00f3n institucional; el retiro del T\u00edtulo de Doctor Honoris Causa al almirante Jorge Swett y la eliminaci\u00f3n de sus vestigios en la instituci\u00f3n; otorgar a los profesores exonerados por motivos pol\u00edticos el grado de Profesor Em\u00e9rito y evaluar una compensaci\u00f3n econ\u00f3mica; conceder grados y t\u00edtulos p\u00f3stumos a v\u00edctimas de la represi\u00f3n; fortalecer el rol del Centro por el Di\u00e1logo y la Paz; y revisar los v\u00ednculos acad\u00e9micos con universidades de Israel.&nbsp;<\/p>\n\n\n\n<p>Durante la tarde de este lunes, se realiz\u00f3 un consejo extraordinario con un \u00fanico punto en tabla: la adhesi\u00f3n al petitorio por Memoria y la aprobaci\u00f3n de una votaci\u00f3n ponderada para definir si la UC se sumar\u00e1 a una paralizaci\u00f3n el pr\u00f3ximo 11 de septiembre. Las fechas de las votaciones ser\u00e1n determinadas por cada territorio.&nbsp;<\/p>\n\n\n\n<p>Finalmente, el Consejo FEUC aprob\u00f3 la moci\u00f3n con un 71,6% de los votos, frente a un 24,3% en contra y un 4,1% de abstenciones.&nbsp;<\/p>\n\n\n\n<p>Los miembros de la Directiva FEUC con derecho a voto optaron por rechazar la propuesta. Tat\u00e1n Joublan, presidente de la federaci\u00f3n, aclar\u00f3 que su posici\u00f3n no se relaciona con el contenido del petitorio, sino con la paralizaci\u00f3n: \u201cPara nosotros es inconcebible poder trabajar en un di\u00e1logo en conjunto si es que realizamos un paro de por medio. De todos modos, agradezco el trabajo realizado por Memoria\u201d, se\u00f1al\u00f3.&nbsp;<\/p>\n","protected":false},"excerpt":{"rendered":"<p>La moci\u00f3n fue aprobada con un 71,6% de apoyo, frente a un 24,3% en contra y un 4,1% de abstenciones. El documento, elaborado por el Colectivo de Memoria y DD.HH. UC, cuestiona los avances de la universidad.\u00a0 El pasado 29 de agosto, el Centro de Estudiantes de Trabajo Social inform\u00f3, a trav\u00e9s de la cadena [&hellip;]<\/p>\n","protected":false},"author":1,"featured_media":4160,"comment_status":"open","ping_status":"open","sticky":false,"template":"","format":"standard","meta":{"_eb_attr":"","_gspb_post_css":"","om_disable_all_campaigns":false,"_monsterinsights_skip_tracking":false,"_monsterinsights_sitenote_active":false,"_monsterinsights_sitenote_note":"","_monsterinsights_sitenote_category":0,"footnotes":""},"categories":[14,17],"tags":[22],"class_list":["post-4159","post","type-post","status-publish","format-standard","has-post-thumbnail","hentry","category-actualidad","category-politicauniversitaria","tag-destacado"],"blocksy_meta":[],"aioseo_notices":[],"_links":{"self":[{"href":"https:\/\/elpuclitico.cl\/index.php\/wp-json\/wp\/v2\/posts\/4159","targetHints":{"allow":["GET"]}}],"collection":[{"href":"https:\/\/elpuclitico.cl\/index.php\/wp-json\/wp\/v2\/posts"}],"about":[{"href":"https:\/\/elpuclitico.cl\/index.php\/wp-json\/wp\/v2\/types\/post"}],"author":[{"embeddable":true,"href":"https:\/\/elpuclitico.cl\/index.php\/wp-json\/wp\/v2\/users\/1"}],"replies":[{"embeddable":true,"href":"https:\/\/elpuclitico.cl\/index.php\/wp-json\/wp\/v2\/comments?post=4159"}],"version-history":[{"count":1,"href":"https:\/\/elpuclitico.cl\/index.php\/wp-json\/wp\/v2\/posts\/4159\/revisions"}],"predecessor-version":[{"id":4161,"href":"https:\/\/elpuclitico.cl\/index.php\/wp-json\/wp\/v2\/posts\/4159\/revisions\/4161"}],"wp:featuredmedia":[{"embeddable":true,"href":"https:\/\/elpuclitico.cl\/index.php\/wp-json\/wp\/v2\/media\/4160"}],"wp:attachment":[{"href":"https:\/\/elpuclitico.cl\/index.php\/wp-json\/wp\/v2\/media?parent=4159"}],"wp:term":[{"taxonomy":"category","embeddable":true,"href":"https:\/\/elpuclitico.cl\/index.php\/wp-json\/wp\/v2\/categories?post=4159"},{"taxonomy":"post_tag","embeddable":true,"href":"https:\/\/elpuclitico.cl\/index.php\/wp-json\/wp\/v2\/tags?post=4159"}],"curies":[{"name":"wp","href":"https:\/\/api.w.org\/{rel}","templated":true}]}}