{"id":4227,"date":"2025-09-27T20:11:31","date_gmt":"2025-09-27T20:11:31","guid":{"rendered":"https:\/\/elpuclitico.cl\/?p=4227"},"modified":"2025-12-28T22:13:40","modified_gmt":"2025-12-28T22:13:40","slug":"tricel-baja-a-lista-anulemelo-y-a-tres-candidatos-de-solidaridad","status":"publish","type":"post","link":"https:\/\/elpuclitico.cl\/index.php\/2025\/09\/27\/tricel-baja-a-lista-anulemelo-y-a-tres-candidatos-de-solidaridad\/","title":{"rendered":"TRICEL baja a lista An\u00falemelo y a tres candidatos de Solidaridad"},"content":{"rendered":"\n<p><strong><em> <\/em><\/strong>En su und\u00e9cima sesi\u00f3n, el TRICEL resolvi\u00f3 invalidar tanto a la lista An\u00falemelo como a tres candidatos a consejeros territoriales de Solidaridad, luego de revisar distintos incumplimientos a los requisitos de preinscripci\u00f3n establecidos en el Estatuto FEUC.<\/p>\n\n\n\n<p>En el caso de An\u00falemelo, la lista fue retirada porque su programa fue enviado al secretario del TRICEL, Nicol\u00e1s Palacios, en lugar de a la secretaria general de la Federaci\u00f3n, Mar\u00eda Jes\u00fas Ebner, como exige el art\u00edculo 65, letra b) del Estatuto. Dicha norma establece que, para validar la preinscripci\u00f3n, las listas deben enviar con al menos 24 horas de anticipaci\u00f3n un programa de candidatura y un presupuesto preliminar directamente al correo del Secretario General. El no cumplimiento de esta obligaci\u00f3n deriv\u00f3 en la baja autom\u00e1tica de la candidatura. Durante la sesi\u00f3n, el acad\u00e9mico del TRICEL, Luciano Cruz, entreg\u00f3 su opini\u00f3n jur\u00eddica sobre el caso, reforzando la decisi\u00f3n al no haberse respetado las reglas.<\/p>\n\n\n\n<p>Por su parte, los candidatos territoriales de Solidaridad en los territorios de Educaci\u00f3n, Lo Contador y Villarrica fueron descalificados al presentar como programa una hoja en blanco. Previamente, el secretario del TRICEL hab\u00eda compartido un documento gu\u00eda con ejemplos de programas \u2014incluyendo ejes como pilares, proyectos y cierre\u2014 para asegurar que se cumplieran los m\u00ednimos exigidos. Al no entregar propuestas v\u00e1lidas, el tribunal determin\u00f3 que las postulaciones quedaran fuera de competencia.<\/p>\n","protected":false},"excerpt":{"rendered":"<p>En su und\u00e9cima sesi\u00f3n, el TRICEL resolvi\u00f3 invalidar tanto a la lista An\u00falemelo como a tres candidatos a consejeros territoriales de Solidaridad, luego de revisar distintos incumplimientos a los requisitos de preinscripci\u00f3n establecidos en el Estatuto FEUC. En el caso de An\u00falemelo, la lista fue retirada porque su programa fue enviado al secretario del TRICEL, [&hellip;]<\/p>\n","protected":false},"author":1,"featured_media":4228,"comment_status":"open","ping_status":"open","sticky":false,"template":"","format":"standard","meta":{"_eb_attr":"","_gspb_post_css":"","om_disable_all_campaigns":false,"_monsterinsights_skip_tracking":false,"_monsterinsights_sitenote_active":false,"_monsterinsights_sitenote_note":"","_monsterinsights_sitenote_category":0,"footnotes":""},"categories":[14,61,17],"tags":[22],"class_list":["post-4227","post","type-post","status-publish","format-standard","has-post-thumbnail","hentry","category-actualidad","category-elecciones-feuc-2026","category-politicauniversitaria","tag-destacado"],"blocksy_meta":[],"aioseo_notices":[],"_links":{"self":[{"href":"https:\/\/elpuclitico.cl\/index.php\/wp-json\/wp\/v2\/posts\/4227","targetHints":{"allow":["GET"]}}],"collection":[{"href":"https:\/\/elpuclitico.cl\/index.php\/wp-json\/wp\/v2\/posts"}],"about":[{"href":"https:\/\/elpuclitico.cl\/index.php\/wp-json\/wp\/v2\/types\/post"}],"author":[{"embeddable":true,"href":"https:\/\/elpuclitico.cl\/index.php\/wp-json\/wp\/v2\/users\/1"}],"replies":[{"embeddable":true,"href":"https:\/\/elpuclitico.cl\/index.php\/wp-json\/wp\/v2\/comments?post=4227"}],"version-history":[{"count":1,"href":"https:\/\/elpuclitico.cl\/index.php\/wp-json\/wp\/v2\/posts\/4227\/revisions"}],"predecessor-version":[{"id":4229,"href":"https:\/\/elpuclitico.cl\/index.php\/wp-json\/wp\/v2\/posts\/4227\/revisions\/4229"}],"wp:featuredmedia":[{"embeddable":true,"href":"https:\/\/elpuclitico.cl\/index.php\/wp-json\/wp\/v2\/media\/4228"}],"wp:attachment":[{"href":"https:\/\/elpuclitico.cl\/index.php\/wp-json\/wp\/v2\/media?parent=4227"}],"wp:term":[{"taxonomy":"category","embeddable":true,"href":"https:\/\/elpuclitico.cl\/index.php\/wp-json\/wp\/v2\/categories?post=4227"},{"taxonomy":"post_tag","embeddable":true,"href":"https:\/\/elpuclitico.cl\/index.php\/wp-json\/wp\/v2\/tags?post=4227"}],"curies":[{"name":"wp","href":"https:\/\/api.w.org\/{rel}","templated":true}]}}