{"id":4232,"date":"2025-09-28T15:33:21","date_gmt":"2025-09-28T15:33:21","guid":{"rendered":"https:\/\/elpuclitico.cl\/?p=4232"},"modified":"2025-12-28T22:15:34","modified_gmt":"2025-12-28T22:15:34","slug":"revision-de-denuncias-y-validacion-de-candidaturas-marcaron-la-sesion-del-tricel","status":"publish","type":"post","link":"https:\/\/elpuclitico.cl\/index.php\/2025\/09\/28\/revision-de-denuncias-y-validacion-de-candidaturas-marcaron-la-sesion-del-tricel\/","title":{"rendered":"Revisi\u00f3n de denuncias y validaci\u00f3n de candidaturas marcaron la sesi\u00f3n del TRICEL\u00a0"},"content":{"rendered":"\n<p><em>Con tres denuncias revisadas y las candidaturas validadas, este domingo comenz\u00f3 el plazo para efectuar campa\u00f1as de cara a las elecciones FEUC 2026. \u00a0<\/em><\/p>\n\n\n\n<p>Durante la ma\u00f1ana de este domingo, el Tribunal Calificador de Elecciones (TRICEL) revis\u00f3 una serie de denuncias acerca de candidaturas presentadas para competir de cara a las elecciones FEUC 2026.&nbsp;<\/p>\n\n\n\n<p>La primera en ser analizada fue acercca de <strong>Florencia Hormaz\u00e1bal,<\/strong> delegada generacional de College. D\u00f3nde, los denunciantes, acusaron que la renuncia de la estudiante de College hab\u00eda sido realizada de forma incorrecta y contraria a los estatutos de College en cuanto a que <strong>no explicitaba el car\u00e1cter indeclinable.<\/strong> Lo anterior, fue complementado por Ignacia Mackenna, qui\u00e9n manifest\u00f3 que los<strong> estatutos de los centros de estudiantes son complementarios a los de la FEUC.<\/strong> Por su parte, Axel Michea, coordinador general de Avanzar, defendi\u00f3 a Florencia y acus\u00f3 a Ignacio Soto, presidente de College, por falta de respuesta ante el correo. Asimismo,<strong> argument\u00f3 que la renuncia&nbsp;fue debidamente corregida<\/strong>, destac\u00e1ndose el car\u00e1cter de indeclinable y estando dentro de plazo. Por lo anterior, Michea llam\u00f3 a que el denunciante se viera sometido a las sanciones habidas en la resoluci\u00f3n N\u00b09. &nbsp;<\/p>\n\n\n\n<p>Finalmente, por 4 votos en contra y una abstenci\u00f3n, <strong>Florencia fue confirmada como candidata. <\/strong>&nbsp;<\/p>\n\n\n\n<p>El <strong>segundo caso afect\u00f3 a Borja Y\u00e1\u00f1ez<\/strong>, de qui\u00e9n se denunci\u00f3 por&nbsp;<strong>utilizar una polera con el eslogan \u201cYo voto 1A\u201d.<\/strong> Seg\u00fan los denunciantes, esta acci\u00f3n constitu\u00eda una<strong> infracci\u00f3n al reglamento,<\/strong> ya que implicaba realizar campa\u00f1a fuera del plazo establecido.&nbsp;<\/p>\n\n\n\n<p>En su defensa, Mar\u00eda Ignacia Mackenna se\u00f1al\u00f3 <strong>que el s\u00e1bado<\/strong> (d\u00eda en que se difundi\u00f3 el video cuestionado) <strong>constituye una \u201czona gris\u201d<\/strong> no contemplada por el reglamento de precampa\u00f1a, pues la prohibici\u00f3n&nbsp;conclu\u00eda el viernes y la campa\u00f1a oficial comenzaba este domingo.&nbsp;<\/p>\n\n\n\n<p>El TRICEL evalu\u00f3 si correspond\u00eda sancionar el hecho como una falta leve. Finalmente, con tres abstenciones y dos votos en contra, <strong>la sanci\u00f3n no fue aprobada.<\/strong>&nbsp;<\/p>\n\n\n\n<p>Posteriormente, el TRICEL <strong>confirm\u00f3 la decisi\u00f3n de dejar fuera de campa\u00f1a a la lista An\u00falamelo<\/strong>. Esta hab\u00eda presentado un recurso de reposici\u00f3n que, seg\u00fan el presidente del tribunal, no conten\u00eda argumentos nuevos que justificaran su aceptaci\u00f3n.\u00a0<\/p>\n\n\n\n<p>En defensa de la lista, <strong>Alexander Luno <\/strong>sostuvo que los archivos hab\u00edan sido correctamente enviados a la Secretar\u00eda General de la FEUC a trav\u00e9s de Nicol\u00e1s Palacios. A\u00f1adi\u00f3, adem\u00e1s, que<strong> <\/strong><strong>An\u00falamelo<\/strong><strong> persegu\u00eda un objetivo serio<\/strong>: incentivar la participaci\u00f3n y el voto estudiantil en el proceso. Por su parte, Palacios aclar\u00f3 que, aunque efectivamente hizo llegar los documentos, aquello no correspond\u00eda a sus funciones como ministro del tribunal.&nbsp;<\/p>\n\n\n\n<p>El tribunal vot\u00f3 sobre la admisibilidad del recurso. Con dos votos en contra y tres abstenciones, <strong>se resolvi\u00f3 no dar lugar a la reposici\u00f3n.<\/strong>&nbsp;<\/p>\n\n\n\n<p>Como punto final, <strong>se procedi\u00f3 a validar las candidaturas,<\/strong> las cuales, <strong>algunas se vieron rechazadas por incumplir con las capacitaciones requeridas<\/strong>. No obstante, el TRICEL dispondr\u00e1 de un <strong>nuevo plazo <\/strong>para cumplir con los dos cursos acerca de violencia sexual y buen trato.\u00a0<\/p>\n\n\n\n<p>Al finalizar la sesi\u00f3n, el TRICEL destac\u00f3 que se agregar\u00e1n a la resoluci\u00f3n los <strong>4 CT del Movimiento Gremial<\/strong> que fueron<strong> invalidados<\/strong> por <strong>no presentar programa.<\/strong> Quienes se suman a la <strong>lista an\u00falamelo y a los 3 candidatos por Solidaridad.<\/strong>\u00a0<\/p>\n\n\n\n<p><\/p>\n","protected":false},"excerpt":{"rendered":"<p>Con tres denuncias revisadas y las candidaturas validadas, este domingo comenz\u00f3 el plazo para efectuar campa\u00f1as de cara a las elecciones FEUC 2026. \u00a0 Durante la ma\u00f1ana de este domingo, el Tribunal Calificador de Elecciones (TRICEL) revis\u00f3 una serie de denuncias acerca de candidaturas presentadas para competir de cara a las elecciones FEUC 2026.&nbsp; La [&hellip;]<\/p>\n","protected":false},"author":1,"featured_media":4233,"comment_status":"open","ping_status":"open","sticky":false,"template":"","format":"standard","meta":{"_eb_attr":"","_gspb_post_css":"","om_disable_all_campaigns":false,"_monsterinsights_skip_tracking":false,"_monsterinsights_sitenote_active":false,"_monsterinsights_sitenote_note":"","_monsterinsights_sitenote_category":0,"footnotes":""},"categories":[14,61,17],"tags":[22],"class_list":["post-4232","post","type-post","status-publish","format-standard","has-post-thumbnail","hentry","category-actualidad","category-elecciones-feuc-2026","category-politicauniversitaria","tag-destacado"],"blocksy_meta":[],"aioseo_notices":[],"_links":{"self":[{"href":"https:\/\/elpuclitico.cl\/index.php\/wp-json\/wp\/v2\/posts\/4232","targetHints":{"allow":["GET"]}}],"collection":[{"href":"https:\/\/elpuclitico.cl\/index.php\/wp-json\/wp\/v2\/posts"}],"about":[{"href":"https:\/\/elpuclitico.cl\/index.php\/wp-json\/wp\/v2\/types\/post"}],"author":[{"embeddable":true,"href":"https:\/\/elpuclitico.cl\/index.php\/wp-json\/wp\/v2\/users\/1"}],"replies":[{"embeddable":true,"href":"https:\/\/elpuclitico.cl\/index.php\/wp-json\/wp\/v2\/comments?post=4232"}],"version-history":[{"count":4,"href":"https:\/\/elpuclitico.cl\/index.php\/wp-json\/wp\/v2\/posts\/4232\/revisions"}],"predecessor-version":[{"id":4238,"href":"https:\/\/elpuclitico.cl\/index.php\/wp-json\/wp\/v2\/posts\/4232\/revisions\/4238"}],"wp:featuredmedia":[{"embeddable":true,"href":"https:\/\/elpuclitico.cl\/index.php\/wp-json\/wp\/v2\/media\/4233"}],"wp:attachment":[{"href":"https:\/\/elpuclitico.cl\/index.php\/wp-json\/wp\/v2\/media?parent=4232"}],"wp:term":[{"taxonomy":"category","embeddable":true,"href":"https:\/\/elpuclitico.cl\/index.php\/wp-json\/wp\/v2\/categories?post=4232"},{"taxonomy":"post_tag","embeddable":true,"href":"https:\/\/elpuclitico.cl\/index.php\/wp-json\/wp\/v2\/tags?post=4232"}],"curies":[{"name":"wp","href":"https:\/\/api.w.org\/{rel}","templated":true}]}}