{"id":4247,"date":"2025-10-01T11:26:40","date_gmt":"2025-10-01T11:26:40","guid":{"rendered":"https:\/\/elpuclitico.cl\/?p=4247"},"modified":"2025-12-28T22:12:45","modified_gmt":"2025-12-28T22:12:45","slug":"anulemelo-abandona-la-carrera-por-la-feuc-tras-recibir-amenazas","status":"publish","type":"post","link":"https:\/\/elpuclitico.cl\/index.php\/2025\/10\/01\/anulemelo-abandona-la-carrera-por-la-feuc-tras-recibir-amenazas\/","title":{"rendered":"An\u00falemelo abandona la carrera por la FEUC tras recibir amenazas\u00a0"},"content":{"rendered":"\n<p><em>La lista An\u00falemelo decidi\u00f3 no recurrir al Tribunal Electoral Regional (TER) tras recibir graves amenazas por parte de miembros de otros movimientos. Seg\u00fan explic\u00f3 su representante, Alexander Luno, estos hechos no ser\u00edan aislados, recordando que vivieron situaciones similares el a\u00f1o pasado.\u00a0\u00a0<\/em><\/p>\n\n\n\n<p>Con el periodo eleccionario en marcha, la lista An\u00falemelo pretend\u00eda subsanar los errores cometidos el a\u00f1o pasado que derivaron en que, finalmente, no llegaran a la papeleta.&nbsp;&nbsp;<\/p>\n\n\n\n<p>Sin embargo, los problemas comenzar\u00edan cuando el TRICEL acus\u00f3 a la lista de no hacer llegar debidamente los documentos requeridos para oficializarse como lista. Lo anterior, en cuanto el actual estatuto FEUC, en su art\u00edculo 65 exige como requisito \u201cEnviar 24 horas antes al correo del secretario general un programa de candidatura y un presupuesto preliminar de los gastos de campa\u00f1a de cada pacto electoral que no superen las 118,86UF (Unidades de Fomento)\u201d.&nbsp;&nbsp;<\/p>\n\n\n\n<p>Lo cierto es que la documentaci\u00f3n ingres\u00f3 dentro del plazo, entregada por Nicol\u00e1s Palacios, secretario del TRICEL, quien en sesi\u00f3n reconoci\u00f3 haber remitido los antecedentes a la secretaria Mar\u00eda Jes\u00fas Ebner. No obstante, tras la bajada de la lista, Pozo matiz\u00f3 su actuar se\u00f1alando que aquello \u201cno correspond\u00eda\u201d y que lo hab\u00eda hecho \u00fanicamente por voluntad propia: <em>\u201cvoluntad de oye, toma, estos deber\u00edan ser los documentos que te deber\u00edan que llegar\u201d<\/em>, declar\u00f3 en la und\u00e9cima reuni\u00f3n del TRICEL&nbsp;<\/p>\n\n\n\n<p>Cabe destacar que, este hecho fue el principal motivo para bajar la candidatura de An\u00falemelo. Tras esto, Alexander Luno intent\u00f3 un recurso de reposici\u00f3n que no fue aceptado por el TRICEL.&nbsp;&nbsp;<\/p>\n\n\n\n<p>Por estas razones, en la reuni\u00f3n del pasado lunes 29 de septiembre y, habiendo agotado todas las instancias ofrecidas por el organismo, Alexander anunci\u00f3, ante lo que acus\u00f3 falta de di\u00e1logo, que recurrir\u00eda al Tribunal Electoral Regional (TER). Seg\u00fan se\u00f1al\u00f3, contaban con evidencia que les otorgaba el derecho de figurar en la papeleta.&nbsp;<\/p>\n\n\n\n<p>Dicho anuncio, en palabras de Alexander, provoc\u00f3 una serie de cuestionamientos por parte de miembros de movimientos y del tribunal, que cuestionaron los fines de la lista y su intervenci\u00f3n en el proceso. Incluso, denunci\u00f3 que dicha reuni\u00f3n acab\u00f3 de forma sorpresiva con simplemente un \u201cperfecto, gracias a todos por esta intensa participaci\u00f3n, nos vemos ma\u00f1ana\u201d de parte del presidente del TRICEL.&nbsp;&nbsp;<\/p>\n\n\n\n<p>Sin embargo, aquello no fue lo \u00fanico que enfrent\u00f3 el equipo de An\u00falemelo. Durante la discusi\u00f3n sobre la viabilidad de su candidatura, comenzaron a recibir graves amenazas. \u201cEl \u00fanico consenso es pitearse a An\u00falemelo\u201d, fue el mensaje que recibi\u00f3 uno de los integrantes de la lista independiente tras la reuni\u00f3n del TRICEL del 27 de septiembre. Desde entonces, las intimidaciones no cesaron: \u201cSe van a ir todos los de la lista en cana\u201d, \u201cque la cagamos\u201d, son algunos de los mensajes que, seg\u00fan Alexander, continuaron llegando y se intensificaron luego de anunciar la decisi\u00f3n de recurrir al TER.&nbsp;&nbsp;<\/p>\n\n\n\n<p>Adem\u00e1s, denunci\u00f3 que estos hechos no ser\u00edan aislados, ya que en las elecciones pasadas un movimiento le habr\u00eda ofrecido dinero a cambio de bajar la candidatura. <em>\u201c\u00bfPor qu\u00e9 no le ofreces lo mismo a las otras listas para que no se presenten?\u201d<\/em>, respondi\u00f3 Alexander en aquella ocasi\u00f3n. Luego se pregunt\u00f3: <em>\u201c\u00bfPor qu\u00e9 esta gente se preocupa de los votos que podemos restar, en lugar de esforzarse por conseguir ellos mismos esos votos?\u201d<\/em>&nbsp;<\/p>\n\n\n\n<p>Luno expresa que la lista nace como una instancia para incentivar la participaci\u00f3n estudiantil y, por eso, le parece incorrecto el actuar de quienes le amenazaron y juzgaron por el proyecto. Por ello, el estudiante de College decidi\u00f3 velar por sus amigos que componen la lista \u201chay cosas m\u00e1s importantes. (&#8230;) los movimientos, como siempre, prefieren velar por sus peque\u00f1as posibilidades de llegar a ser federaci\u00f3n de la mano de los partidos que los respaldan, antes que devolver la FEUC a los estudiantes\u201d, concluy\u00f3.\u00a0<\/p>\n","protected":false},"excerpt":{"rendered":"<p>La lista An\u00falemelo decidi\u00f3 no recurrir al Tribunal Electoral Regional (TER) tras recibir graves amenazas por parte de miembros de otros movimientos. Seg\u00fan explic\u00f3 su representante, Alexander Luno, estos hechos no ser\u00edan aislados, recordando que vivieron situaciones similares el a\u00f1o pasado.\u00a0\u00a0 Con el periodo eleccionario en marcha, la lista An\u00falemelo pretend\u00eda subsanar los errores cometidos [&hellip;]<\/p>\n","protected":false},"author":1,"featured_media":4248,"comment_status":"open","ping_status":"open","sticky":false,"template":"","format":"standard","meta":{"_eb_attr":"","_gspb_post_css":"","om_disable_all_campaigns":false,"_monsterinsights_skip_tracking":false,"_monsterinsights_sitenote_active":false,"_monsterinsights_sitenote_note":"","_monsterinsights_sitenote_category":0,"footnotes":""},"categories":[14,61,17],"tags":[22],"class_list":["post-4247","post","type-post","status-publish","format-standard","has-post-thumbnail","hentry","category-actualidad","category-elecciones-feuc-2026","category-politicauniversitaria","tag-destacado"],"blocksy_meta":[],"aioseo_notices":[],"_links":{"self":[{"href":"https:\/\/elpuclitico.cl\/index.php\/wp-json\/wp\/v2\/posts\/4247","targetHints":{"allow":["GET"]}}],"collection":[{"href":"https:\/\/elpuclitico.cl\/index.php\/wp-json\/wp\/v2\/posts"}],"about":[{"href":"https:\/\/elpuclitico.cl\/index.php\/wp-json\/wp\/v2\/types\/post"}],"author":[{"embeddable":true,"href":"https:\/\/elpuclitico.cl\/index.php\/wp-json\/wp\/v2\/users\/1"}],"replies":[{"embeddable":true,"href":"https:\/\/elpuclitico.cl\/index.php\/wp-json\/wp\/v2\/comments?post=4247"}],"version-history":[{"count":1,"href":"https:\/\/elpuclitico.cl\/index.php\/wp-json\/wp\/v2\/posts\/4247\/revisions"}],"predecessor-version":[{"id":4249,"href":"https:\/\/elpuclitico.cl\/index.php\/wp-json\/wp\/v2\/posts\/4247\/revisions\/4249"}],"wp:featuredmedia":[{"embeddable":true,"href":"https:\/\/elpuclitico.cl\/index.php\/wp-json\/wp\/v2\/media\/4248"}],"wp:attachment":[{"href":"https:\/\/elpuclitico.cl\/index.php\/wp-json\/wp\/v2\/media?parent=4247"}],"wp:term":[{"taxonomy":"category","embeddable":true,"href":"https:\/\/elpuclitico.cl\/index.php\/wp-json\/wp\/v2\/categories?post=4247"},{"taxonomy":"post_tag","embeddable":true,"href":"https:\/\/elpuclitico.cl\/index.php\/wp-json\/wp\/v2\/tags?post=4247"}],"curies":[{"name":"wp","href":"https:\/\/api.w.org\/{rel}","templated":true}]}}