{"id":4252,"date":"2025-10-04T22:00:16","date_gmt":"2025-10-04T22:00:16","guid":{"rendered":"https:\/\/elpuclitico.cl\/?p=4252"},"modified":"2025-12-28T22:12:54","modified_gmt":"2025-12-28T22:12:54","slug":"organizaciones-uc-presentan-carta-para-que-campanas-feuc-sean-mas-sustentables","status":"publish","type":"post","link":"https:\/\/elpuclitico.cl\/index.php\/2025\/10\/04\/organizaciones-uc-presentan-carta-para-que-campanas-feuc-sean-mas-sustentables\/","title":{"rendered":"Organizaciones UC presentan carta para que campa\u00f1as FEUC sean m\u00e1s sustentables\u00a0"},"content":{"rendered":"\n<p><em>La iniciativa estudiantil cuenta con el apoyo de AVZ, NAU! y Amanecer, mientras que MG (1A) rechaz\u00f3 firmar la carta y SDD no entreg\u00f3 una respuesta definitiva.\u00a0<\/em><\/p>\n\n\n\n<p>En el marco de las pr\u00f3ximas elecciones FEUC, un conjunto de colectivos, organizaciones y centros de estudiantes, publicaron \u201cCarta por una campa\u00f1a sustentable\u201d, con el objetivo de comprometer a los movimientos postulantes a desarrollar campa\u00f1as responsables con el medioambiente. Esta iniciativa abri\u00f3 un nuevo debate pol\u00edtico en torno a la coherencia de los discursos estudiantiles frente a la crisis clim\u00e1tica.&nbsp;&nbsp;<\/p>\n\n\n\n<p>Organizaciones como La Ra\u00edz, Mycos, Huerto Simbionte, Vocal\u00eda Forestal, Biohuerto, UC\u00e9anos, CONECIFIM UC, Taller Container, junto con los centros de estudiantes de Agronom\u00eda y Forestal, y CAi Sustentabilidad, elaboraron un petitorio que planteaba la necesidad de reducir la generaci\u00f3n de residuos y desperdicios en el periodo de campa\u00f1a.&nbsp;&nbsp;&nbsp;<\/p>\n\n\n\n<p>El documento manifiesta la intenci\u00f3n de los firmantes de \u201cpresentar una campa\u00f1a consciente con la sustentabilidad y el medioambiente\u201d, queriendo \u201csentar un compromiso\u201d en puntos relacionados a la tem\u00e1tica.&nbsp;&nbsp;<\/p>\n\n\n\n<p>Entre los compromisos solicitados por la carta se encuentran, una declaraci\u00f3n de uso de IA generativa en gr\u00e1ficas y dise\u00f1os, el uso de medios f\u00edsicos e insumos de forma consciente, transparencia respecto a los implementos de campa\u00f1a -considerando que a\u00fan no se publican los presupuestos de campa\u00f1a-, junto a un eventual e in\u00e9dito \u201creporte de gesti\u00f3n de residuos\u201d.&nbsp;<\/p>\n\n\n\n<p>El documento fue firmado por las candidaturas de Amanecer, Avanzar y NAU!, mientras que las otras dos listas en campa\u00f1a no figuran en la carta.&nbsp;<\/p>\n\n\n\n<p>A trav\u00e9s de su cuenta de Instagram,<em> <\/em>La Ra\u00edz, se\u00f1al\u00f3 que \u201clos movimientos restantes no respondieron o decidieron no adherirse al compromiso\u201d. Posteriormente, precisaron que Solidaridad nunca dio una respuesta definitiva y el Movimiento Gremial \u201crechaz\u00f3 firmar la carta porque para ellos firmarla conllevaba una serie de dificultades extras\u201d.&nbsp;&nbsp;<\/p>\n\n\n\n<p>Al respecto, La Ra\u00edz asegur\u00f3 que los partidos demuestran \u201csus prioridades como movimientos\u201d al abstenerse de firmar la carta.&nbsp;&nbsp;<\/p>\n\n\n\n<p>La moci\u00f3n surge para hacer frente a una de sus mayores inquietudes como colectivo: \u201cLa invisibilizaci\u00f3n del problema [&#8230;] junto con posibles medidas (o falta de ellas) que dificulten la labor de la participaci\u00f3n estudiantil en distintas instancias medioambientales\u201d.&nbsp;<\/p>\n\n\n\n<p>Consultados sobre la posibilidad futura de que SDD o MG puedan adherir en el futuro, La Ra\u00edz indic\u00f3 que el llamado es hacia todos los partidos, por lo que estar\u00e1n siempre abiertos a dialogar con quienes muestren inter\u00e9s. Actualmente tambi\u00e9n se encuentran elaborando una gu\u00eda para una campa\u00f1a sustentable, por lo que se est\u00e1 trabajando en una carta actualizada para futuras elecciones.&nbsp;<\/p>\n\n\n\n<p>El PUCl\u00edtico se contact\u00f3 con la lista 1A y de Solidaridad, pero no se obtuvo respuesta.&nbsp;<\/p>\n","protected":false},"excerpt":{"rendered":"<p>La iniciativa estudiantil cuenta con el apoyo de AVZ, NAU! y Amanecer, mientras que MG (1A) rechaz\u00f3 firmar la carta y SDD no entreg\u00f3 una respuesta definitiva.\u00a0 En el marco de las pr\u00f3ximas elecciones FEUC, un conjunto de colectivos, organizaciones y centros de estudiantes, publicaron \u201cCarta por una campa\u00f1a sustentable\u201d, con el objetivo de comprometer [&hellip;]<\/p>\n","protected":false},"author":1,"featured_media":4253,"comment_status":"open","ping_status":"open","sticky":false,"template":"","format":"standard","meta":{"_eb_attr":"","_gspb_post_css":"","om_disable_all_campaigns":false,"_monsterinsights_skip_tracking":false,"_monsterinsights_sitenote_active":false,"_monsterinsights_sitenote_note":"","_monsterinsights_sitenote_category":0,"footnotes":""},"categories":[14,61,17],"tags":[22],"class_list":["post-4252","post","type-post","status-publish","format-standard","has-post-thumbnail","hentry","category-actualidad","category-elecciones-feuc-2026","category-politicauniversitaria","tag-destacado"],"blocksy_meta":[],"aioseo_notices":[],"_links":{"self":[{"href":"https:\/\/elpuclitico.cl\/index.php\/wp-json\/wp\/v2\/posts\/4252","targetHints":{"allow":["GET"]}}],"collection":[{"href":"https:\/\/elpuclitico.cl\/index.php\/wp-json\/wp\/v2\/posts"}],"about":[{"href":"https:\/\/elpuclitico.cl\/index.php\/wp-json\/wp\/v2\/types\/post"}],"author":[{"embeddable":true,"href":"https:\/\/elpuclitico.cl\/index.php\/wp-json\/wp\/v2\/users\/1"}],"replies":[{"embeddable":true,"href":"https:\/\/elpuclitico.cl\/index.php\/wp-json\/wp\/v2\/comments?post=4252"}],"version-history":[{"count":1,"href":"https:\/\/elpuclitico.cl\/index.php\/wp-json\/wp\/v2\/posts\/4252\/revisions"}],"predecessor-version":[{"id":4254,"href":"https:\/\/elpuclitico.cl\/index.php\/wp-json\/wp\/v2\/posts\/4252\/revisions\/4254"}],"wp:featuredmedia":[{"embeddable":true,"href":"https:\/\/elpuclitico.cl\/index.php\/wp-json\/wp\/v2\/media\/4253"}],"wp:attachment":[{"href":"https:\/\/elpuclitico.cl\/index.php\/wp-json\/wp\/v2\/media?parent=4252"}],"wp:term":[{"taxonomy":"category","embeddable":true,"href":"https:\/\/elpuclitico.cl\/index.php\/wp-json\/wp\/v2\/categories?post=4252"},{"taxonomy":"post_tag","embeddable":true,"href":"https:\/\/elpuclitico.cl\/index.php\/wp-json\/wp\/v2\/tags?post=4252"}],"curies":[{"name":"wp","href":"https:\/\/api.w.org\/{rel}","templated":true}]}}