{"id":4267,"date":"2025-10-08T18:32:00","date_gmt":"2025-10-08T18:32:00","guid":{"rendered":"https:\/\/elpuclitico.cl\/?p=4267"},"modified":"2025-12-28T22:15:44","modified_gmt":"2025-12-28T22:15:44","slug":"representantes-de-college-denuncian-deficiencias-logisticas-por-parte-del-tricel","status":"publish","type":"post","link":"https:\/\/elpuclitico.cl\/index.php\/2025\/10\/08\/representantes-de-college-denuncian-deficiencias-logisticas-por-parte-del-tricel\/","title":{"rendered":"Representantes de College denuncian deficiencias log\u00edsticas por parte del TRICEL"},"content":{"rendered":"\n<p><em>Representantes del Centro de Estudiantes de College (CEco) y consejeros territoriales del mismo territorio, expresaron a trav\u00e9s de un correo electr\u00f3nico su \u201cprofunda preocupaci\u00f3n\u201d por deficiencias log\u00edsticas transversales que se han presentado durante la segunda jornada de votaciones.<\/em><\/p>\n\n\n\n<p>En el correo, acusaron que, siendo las 12:10 de la tarde, los padrones en las mesas de votaci\u00f3n a\u00fan no hab\u00edan sido constituidos. Los representantes aseguraron que desde un principio el CECo hab\u00eda advertido al Tribunal Calificador de Elecciones (TRICEL) sobre la complejidad de organizar las votaciones en un territorio como College, que re\u00fane a m\u00e1s de 3.000 estudiantes repartidos en distintos campus y facultades.<\/p>\n\n\n\n<p>Adem\u00e1s, se denunciaron retrasos en la apertura de mesas, demoras en la entrega de padrones y falta de coordinaci\u00f3n. \u201cEsta situaci\u00f3n vulnera el derecho a votar de los estudiantes de College, debilita la legitimidad del proceso y da cuenta de una falta de previsi\u00f3n que consideramos inaceptable\u201d, se\u00f1alaron.<\/p>\n\n\n\n<p>Cerca de una hora despu\u00e9s, Nicol\u00e1s Pozo, presidente del TRICEL, respondi\u00f3 al comunicado de College. Agradeci\u00f3 al territorio por la comunicaci\u00f3n y el compromiso. Asimismo, manifest\u00f3 que desde el organismo lamentan las dificultades presentadas.<\/p>\n\n\n\n<p>Seg\u00fan lo expresado por el tribunal, los inconvenientes se habr\u00edan originado por un traspapeleo de los padrones electorales, provocando el retraso.<\/p>\n\n\n\n<p>Adem\u00e1s, expresaron que los miembros del TRICEL se mantuvieron trabajando hasta las 4:00 A.M de hoy, preparando materiales y log\u00edstica para la segunda jornada eleccionaria. \u201cPese al agotamiento, nuestros equipos estuvieron desplegados desde muy temprano en terreno, procurando resolver cada eventualidad con la mayor celeridad posible\u201d, expresaron.<\/p>\n\n\n\n<p>Finalmente, los padrones fueron entregados de forma efectiva. Sin embargo, la apelaci\u00f3n se suma a la preocupaci\u00f3n existente por alcanzar el qu\u00f3rum necesario que permita validar estas elecciones.<\/p>\n","protected":false},"excerpt":{"rendered":"<p>Representantes del Centro de Estudiantes de College (CEco) y consejeros territoriales del mismo territorio, expresaron a trav\u00e9s de un correo electr\u00f3nico su \u201cprofunda preocupaci\u00f3n\u201d por deficiencias log\u00edsticas transversales que se han presentado durante la segunda jornada de votaciones. En el correo, acusaron que, siendo las 12:10 de la tarde, los padrones en las mesas de [&hellip;]<\/p>\n","protected":false},"author":1,"featured_media":4269,"comment_status":"open","ping_status":"open","sticky":false,"template":"","format":"standard","meta":{"_eb_attr":"","_gspb_post_css":"","om_disable_all_campaigns":false,"_monsterinsights_skip_tracking":false,"_monsterinsights_sitenote_active":false,"_monsterinsights_sitenote_note":"","_monsterinsights_sitenote_category":0,"footnotes":""},"categories":[14,61,17],"tags":[],"class_list":["post-4267","post","type-post","status-publish","format-standard","has-post-thumbnail","hentry","category-actualidad","category-elecciones-feuc-2026","category-politicauniversitaria"],"blocksy_meta":[],"aioseo_notices":[],"_links":{"self":[{"href":"https:\/\/elpuclitico.cl\/index.php\/wp-json\/wp\/v2\/posts\/4267","targetHints":{"allow":["GET"]}}],"collection":[{"href":"https:\/\/elpuclitico.cl\/index.php\/wp-json\/wp\/v2\/posts"}],"about":[{"href":"https:\/\/elpuclitico.cl\/index.php\/wp-json\/wp\/v2\/types\/post"}],"author":[{"embeddable":true,"href":"https:\/\/elpuclitico.cl\/index.php\/wp-json\/wp\/v2\/users\/1"}],"replies":[{"embeddable":true,"href":"https:\/\/elpuclitico.cl\/index.php\/wp-json\/wp\/v2\/comments?post=4267"}],"version-history":[{"count":1,"href":"https:\/\/elpuclitico.cl\/index.php\/wp-json\/wp\/v2\/posts\/4267\/revisions"}],"predecessor-version":[{"id":4268,"href":"https:\/\/elpuclitico.cl\/index.php\/wp-json\/wp\/v2\/posts\/4267\/revisions\/4268"}],"wp:featuredmedia":[{"embeddable":true,"href":"https:\/\/elpuclitico.cl\/index.php\/wp-json\/wp\/v2\/media\/4269"}],"wp:attachment":[{"href":"https:\/\/elpuclitico.cl\/index.php\/wp-json\/wp\/v2\/media?parent=4267"}],"wp:term":[{"taxonomy":"category","embeddable":true,"href":"https:\/\/elpuclitico.cl\/index.php\/wp-json\/wp\/v2\/categories?post=4267"},{"taxonomy":"post_tag","embeddable":true,"href":"https:\/\/elpuclitico.cl\/index.php\/wp-json\/wp\/v2\/tags?post=4267"}],"curies":[{"name":"wp","href":"https:\/\/api.w.org\/{rel}","templated":true}]}}