{"id":4282,"date":"2025-10-20T01:29:18","date_gmt":"2025-10-20T01:29:18","guid":{"rendered":"https:\/\/elpuclitico.cl\/?p=4282"},"modified":"2025-12-28T22:52:34","modified_gmt":"2025-12-28T22:52:34","slug":"martina-matus-la-cruz-como-brujula","status":"publish","type":"post","link":"https:\/\/elpuclitico.cl\/index.php\/2025\/10\/20\/martina-matus-la-cruz-como-brujula\/","title":{"rendered":"Martina Matus: la cruz como br\u00fajula"},"content":{"rendered":"\n<p><em>La estudiante de College asume la presidencia de la lista que apunta a reconstruir el progresismo universitario. Su historia se marca por una fe cat\u00f3lica repensada, la vocaci\u00f3n de servicio en el voluntariado y una pasi\u00f3n por una pol\u00edtica que construye \u201cdesde lo humano\u201d. Matus se prepara para enfrentar una segunda vuelta que pretende recuperar el liderato de una federaci\u00f3n que por siete a\u00f1os fue de la NAU!<\/em><\/p>\n\n\n\n<p>\u2014Tienes que quedarte \u2014 le dice un viejo NAU!\u00a0<\/p>\n\n\n\n<p>Es la ma\u00f1ana del 10 de octubre de 2024. El conteo de votos de la primera vuelta est\u00e1 por terminar. Hace fr\u00edo en San Joaqu\u00edn, y el cansancio de una noche sin dormir mantiene a Martina Matus en un estado disociado. Llora con hipo entre abrazos, silencios y miradas que buscan un consuelo sin palabras.&nbsp;&nbsp;<\/p>\n\n\n\n<p>Luego de horas de conteo, se anuncia el veredicto: la Nueva Acci\u00f3n Universitaria, tras siete a\u00f1os ininterrumpidos de ser federaci\u00f3n, no pasa a segunda vuelta por una diferencia de 0.91% con la futura lista ganadora, Solidaridad.&nbsp;&nbsp;<\/p>\n\n\n\n<p>El llamado del antiguo dirigente parece entregar a Martina una antorcha generacional: \u201cT\u00fa tienes que construir nuevamente este movimiento\u201d. Ella a\u00fan no sabe si puede construir algo, o si quiere hacerlo.&nbsp;&nbsp;<\/p>\n\n\n\n<p>Muchos se ir\u00e1n, y muchos se quedar\u00e1n. Un a\u00f1o despu\u00e9s, Martina encabezar\u00e1 el sue\u00f1o progresista.&nbsp;<\/p>\n\n\n\n<p>\u201cVamos y volvemos\u201d.&nbsp;<\/p>\n\n\n\n<p>***&nbsp;<\/p>\n\n\n\n<p>Martina \u201cResstuss\u201d Matus cursa cuarto a\u00f1o de College en Ciencias Sociales, con major en Sociolog\u00eda y minor en Instituciones P\u00fablicas Chilenas. Se describe con tres palabras: \u201cConciliadora, cercana y de convicci\u00f3n\u201d. \u201cAy, qu\u00e9 mentira\u201d, le responden incr\u00e9dulos sus amigos cuando Martina dice ser introvertida. Habla r\u00e1pido, salta de idea en idea, como si su mente fuera pasos m\u00e1s adelante que su voz. Para la timidez pre-debate: una medalla con el rostro del expapa Francisco, que se trajo desde el Jubileo.&nbsp;<\/p>\n\n\n\n<p>Han sido d\u00edas agitados. La NAU! acaba de pasar a segunda vuelta con la segunda mayor\u00eda, tras Amanecer. Se enfrentan dos listas que buscan marcar sus diferencias ideol\u00f3gicas.&nbsp;&nbsp;<\/p>\n\n\n\n<p><em>Tu calor<\/em>, de Julieta Venegas, es el<em> soundtrack <\/em>de Martina en estos d\u00edas de campa\u00f1a. No por el lado rom\u00e1ntico, sino por sus ganas de involucrarse, escuchar y habitar.&nbsp;<\/p>\n\n\n\n<p>Vivi\u00f3 su infancia en Quillota, donde bastaban dos pasos para tener que detenerse a saludar a alguien. A los seis a\u00f1os se mud\u00f3 a Santiago. \u201c\u00c9ramos yo y mi hermana contra el mundo. Y era un mundo que no te saludaba en la calle\u201d, recuerda. El cambio fue dr\u00e1stico, pero la ciudad la termin\u00f3 por acoger: le present\u00f3 oportunidades y personas.&nbsp;&nbsp;<\/p>\n\n\n\n<p>Desde peque\u00f1a, sus abuelos le metieron el bichito de la pol\u00edtica. \u201cCercana y humana\u201d, precisa.&nbsp;<\/p>\n\n\n\n<p><strong>Fe y pol\u00edtica: el umbral del encuentro<\/strong>&nbsp;<\/p>\n\n\n\n<p>En la media vivi\u00f3 su primer acercamiento a la pol\u00edtica. Estudiaba en el Colegio Marista de Santiago, era 2018 y el movimiento feminista ganaba fuerza a nivel nacional. Junto a una compa\u00f1era form\u00f3 el Movimiento Feminista Ercillano. El recinto antes era solo de hombres.&nbsp;&nbsp;<\/p>\n\n\n\n<p>Cuando lleg\u00f3 la pandemia, le ofrecieron ser parte del centro de estudiantes. Prefiri\u00f3 mantenerse al margen de tener un cargo en la directiva, por lo que colabor\u00f3 desde la creaci\u00f3n de una nueva \u00e1rea: Conciencia Social.&nbsp; All\u00ed trabaj\u00f3 tres materias: medioambiente, feminismo y diversidad sexual. \u201cUn colegio medio chapado a la antigua\u201d, dice, por lo que consider\u00f3 importante poner esas tem\u00e1ticas sobre la mesa.&nbsp;<\/p>\n\n\n\n<p>\u2014 <strong>\u00bfQu\u00e9 era lo que particularmente te gustaba de participar en esos espacios?<\/strong>\u00a0<\/p>\n\n\n\n<p>\u2014 Estar con la gente. Lo que m\u00e1s he disfrutado de estas semanas es conocer la realidad de otras carreras, hacer patio. Eso me gusta, que se generen espacios donde nos volvemos a reconocer como parte de la misma comunidad. Intento abordarlo desde la pol\u00edtica y tambi\u00e9n desde el catolicismo.\u00a0<\/p>\n\n\n\n<p>\u2014 <strong>\u00bfSiempre has sido cat\u00f3lica?<\/strong>\u00a0<\/p>\n\n\n\n<p>\u2014 S\u00ed, desde chica (\u2026) Hubo un momento en que repens\u00e9 un poco mi fe. Me fui conociendo a m\u00ed misma y me di cuenta de que era bisexual. Me preguntaba: \u00bfC\u00f3mo se compatibiliza esto? No es que se haya suspendido mi fe, pero s\u00ed mi confianza en la Iglesia como instituci\u00f3n. La reincorporaci\u00f3n fue hace poco. De hecho, me confirm\u00e9 el a\u00f1o pasado.\u00a0<\/p>\n\n\n\n<p>En 2023 particip\u00f3 en el voluntariado Trabajo Pa\u00eds. Entr\u00f3 con susto: \u201cUno tiende a pensar que no es un lugar para uno. Soy mujer, progresista, de centroizquierda y bisexual\u201d. La t\u00edpica pregunta le apretaba la guata a Resstuss: \u201c\u00bfY c\u00f3mo se llama tu pololo?\u201d.&nbsp;&nbsp;<\/p>\n\n\n\n<p>Finalmente, la experiencia termin\u00f3 siendo lo contrario. \u201cEra bonito poder contarlo, y no sent\u00ed un rechazo. Me alegra que como generaci\u00f3n hemos ido avanzando en eso\u201d, comenta.&nbsp;<\/p>\n\n\n\n<p>Su vida ha estado marcada por el voluntariado. Parti\u00f3 en Quillota, en segundo medio, donde se reun\u00eda con ni\u00f1os de contextos vulnerables. Tambi\u00e9n particip\u00f3 en Techo. \u201cYo ten\u00eda un prejuicio, pero me dej\u00e9 sorprender\u201d, admite. Hoy es voluntaria permanente en el Campamento Jerusal\u00e9n, en Lampa.&nbsp;&nbsp;<\/p>\n\n\n\n<p>\u2014 Lo m\u00e1s bonito es ayudar a que las comunidades se articulen. Y ah\u00ed est\u00e1 lo que me une a la pol\u00edtica y al catolicismo: el encuentro.<strong> <\/strong>Ya me han dicho varias veces que parezco disco rayado con eso.\u00a0<\/p>\n\n\n\n<p>\u2014 <strong>\u00bfQui\u00e9n te lo ha dicho?<\/strong>\u00a0<\/p>\n\n\n\n<p>\u2014 Mi mam\u00e1 \u2014r\u00ede avergonzada.\u00a0<\/p>\n\n\n\n<p><strong>Del susto a la convicci\u00f3n<\/strong>&nbsp;<\/p>\n\n\n\n<p>En debates, le han reprochado m\u00e1s de una vez que nunca ha sido consejera territorial ni parte de un centro de estudiantes. Que liderara la lista de la NAU!, fue para algunos poco convincente.&nbsp;&nbsp;<\/p>\n\n\n\n<p>Durante este a\u00f1o trabaj\u00f3 de coordinadora en el \u00e1rea de Formaci\u00f3n del movimiento, compartiendo con los novatos \u2014o \u201cNAUvates\u201d\u2014 que iban entrando. La experiencia, desde la cercan\u00eda con las personas, la hizo quedarse.&nbsp;<\/p>\n\n\n\n<p>Hoy, los nuevos le dicen: \u201cT\u00fa me hiciste quedarme\u201d.&nbsp;&nbsp;<\/p>\n\n\n\n<p>\u2014 Siempre hab\u00eda dicho que no a los cargos de representaci\u00f3n. No me gusta mucho la exposici\u00f3n.\u00a0<\/p>\n\n\n\n<p>\u2014 <strong>\u00bfY por qu\u00e9 ahora s\u00ed?<\/strong>\u00a0<\/p>\n\n\n\n<p>\u2014 El mensaje que me entregaron fue un voto de confianza, de creer en que pod\u00eda liderar la reconstrucci\u00f3n no del NAU!, sino de una generaci\u00f3n. La bandera era que nuestra generaci\u00f3n es importante, y que no debemos ser la que quede en el medio.\u00a0<\/p>\n\n\n\n<p>\u2014 <strong>\u00bfTe sentiste presionada?<\/strong>\u00a0<\/p>\n\n\n\n<p>\u2014 Nooo\u2026 \u2014dice con modestia.\u00a0<\/p>\n\n\n\n<p>\u2014 <strong>\u00bfHonrada?<\/strong>\u00a0<\/p>\n\n\n\n<p>\u2014 No s\u00e9, fue raro. Emocionante. Las primeras personas a las que se lo cont\u00e9 fueron a mi mam\u00e1 y a mi abuelo. Me dijeron: \u201c\u00bfPor qu\u00e9 no?\u201d. No ten\u00eda trabas, sino puros \u201cs\u00ed, adelante\u201d, con susto. Mi mam\u00e1 en ese momento me dijo que, si me da susto, ah\u00ed es. \u201cA ti el susto y el miedo siempre te han movilizado\u201d, me dijo.\u00a0<\/p>\n\n\n\n<p>\u2014 <strong>\u00bfSusto a qu\u00e9?<\/strong>\u00a0<\/p>\n\n\n\n<p>\u2014 La pol\u00edtica universitaria muchas veces es hostil. Eso debe cambiar. La verdad, no me gusta andar peleando. Creo que quienes ya est\u00e1n dentro de la pol\u00edtica conf\u00edan en su proyecto, pero no deber\u00edamos hablar mal del otro, sino del porqu\u00e9 nos hacen sentido nuestras propuestas. En el fondo, el susto estaba en perder amistades.\u00a0<\/p>\n\n\n\n<p>Hace un par de d\u00edas, la lista de Martina fue acusada por Amanecer de mantener una actitud hostil durante el debate de El PUCl\u00edtico. Su contrincante, Antonia Middleton, asegur\u00f3 que \u201cla prensa no logr\u00f3 contener las intervenciones\u201d y denunci\u00f3 \u201cuna constante interrupci\u00f3n en el di\u00e1logo\u201d.&nbsp;<\/p>\n\n\n\n<p>A Martina le suelen preguntar si acaso est\u00e1 cansada. Replica con honestidad: le duelen los pies de tanto caminar. Sin embargo, el cansancio es f\u00edsico, no de alma.&nbsp;<\/p>\n\n\n\n<p>Sus referentes son Gabriela Mistral y Pedro Lemebel. Martina recuerda la frase de Mistral: \u201cLa humanidad es todav\u00eda algo que hay que humanizar\u201d. Lemebel, por su parte, la hizo repensar profundamente la lucha disidente.&nbsp;<\/p>\n\n\n\n<p>Sin embargo, su mayor referente es su abuelo, exfuncionario de la Municipalidad de Quillota. Junto a \u00e9l, vivi\u00f3 una de sus postales favoritas de la infancia: asistir a juntas de vecinos. Sus abuelos le mostraron que la pol\u00edtica \u201cefectivamente puede generar cambios en la realidad de las personas y, para eso, hay que sentarse a escuchar\u201d.&nbsp;&nbsp;<\/p>\n\n\n\n<p>\u2014 <strong>\u00bfQu\u00e9 tipo de generaci\u00f3n te gustar\u00eda que seamos?<\/strong>\u00a0<\/p>\n\n\n\n<p>\u2014 Una que vuelva a marcar agenda, tanto en la universidad como a nivel nacional. Muchas veces desde la derecha nos dicen: \u201cUstedes solamente se fijan en afuera\u201d. Y desde Amanecer: \u201cSolo se enfocan en la universidad\u201d. Yo creo que es un grave error excluirlas. El estudiante universitario vive las brechas estructurales de Chile, y esas mismas permean ac\u00e1.\u00a0<\/p>\n\n\n\n<p><strong>El camino y la antorcha<\/strong>&nbsp;<\/p>\n\n\n\n<p>\u2014 <strong>\u00bfQu\u00e9 le dir\u00edas a la Martina de la media?<\/strong>\u00a0<\/p>\n\n\n\n<p>\u2014 Que efectivamente la movilizaci\u00f3n social cambi\u00f3 mi vida. Al movimiento feminista me met\u00ed con mucho susto, era un colegio muy conservador. Pero cambi\u00f3 mi vida, y tambi\u00e9n la de las que ven\u00edan para atr\u00e1s. Fue un gran acierto: el movimiento social y la pol\u00edtica son el camino para abordar las cosas a las que no somos indiferentes\u2026\u00a0<\/p>\n\n\n\n<p>Martina continu\u00f3 hablando de su transformaci\u00f3n impulsada por la pol\u00edtica. Ver que su relato era el de muchas, la conmovi\u00f3.&nbsp;&nbsp;<\/p>\n\n\n\n<p>\u2014 Perd\u00f3n, hablo mucho \u2014dice entre risas tras concluir.\u00a0<\/p>\n\n\n\n<p>La conversaci\u00f3n termina. \u201cMe llevo hartas cosas para pensar a la casa\u201d, afirma. Ya es tarde. La luz del sol hace brillar la medallita de la Virgen Mar\u00eda que Matus luce en el cuello. Ahora se dirige a San Joaqu\u00edn, a cerrar el d\u00eda de campa\u00f1a junto al movimiento. No ha dejado de pensar en su compa\u00f1era de lista, Antonia Rebolledo, quien hoy ten\u00eda un examen: \u201cSolo quiero llegar a preguntarle c\u00f3mo le fue. Lo estoy esperando desde las ocho de la ma\u00f1ana\u201d.&nbsp;&nbsp;<\/p>\n\n\n\n<p>Se retira r\u00e1pido, y aquella voz del pasado toma fuerza. Martina se qued\u00f3.&nbsp;<\/p>\n","protected":false},"excerpt":{"rendered":"<p>La estudiante de College asume la presidencia de la lista que apunta a reconstruir el progresismo universitario. Su historia se marca por una fe cat\u00f3lica repensada, la vocaci\u00f3n de servicio en el voluntariado y una pasi\u00f3n por una pol\u00edtica que construye \u201cdesde lo humano\u201d. Matus se prepara para enfrentar una segunda vuelta que pretende recuperar [&hellip;]<\/p>\n","protected":false},"author":1,"featured_media":4283,"comment_status":"open","ping_status":"open","sticky":false,"template":"","format":"standard","meta":{"_eb_attr":"","_gspb_post_css":"","om_disable_all_campaigns":false,"_monsterinsights_skip_tracking":false,"_monsterinsights_sitenote_active":false,"_monsterinsights_sitenote_note":"","_monsterinsights_sitenote_category":0,"footnotes":""},"categories":[14,61,17],"tags":[22],"class_list":["post-4282","post","type-post","status-publish","format-standard","has-post-thumbnail","hentry","category-actualidad","category-elecciones-feuc-2026","category-politicauniversitaria","tag-destacado"],"blocksy_meta":[],"aioseo_notices":[],"_links":{"self":[{"href":"https:\/\/elpuclitico.cl\/index.php\/wp-json\/wp\/v2\/posts\/4282","targetHints":{"allow":["GET"]}}],"collection":[{"href":"https:\/\/elpuclitico.cl\/index.php\/wp-json\/wp\/v2\/posts"}],"about":[{"href":"https:\/\/elpuclitico.cl\/index.php\/wp-json\/wp\/v2\/types\/post"}],"author":[{"embeddable":true,"href":"https:\/\/elpuclitico.cl\/index.php\/wp-json\/wp\/v2\/users\/1"}],"replies":[{"embeddable":true,"href":"https:\/\/elpuclitico.cl\/index.php\/wp-json\/wp\/v2\/comments?post=4282"}],"version-history":[{"count":2,"href":"https:\/\/elpuclitico.cl\/index.php\/wp-json\/wp\/v2\/posts\/4282\/revisions"}],"predecessor-version":[{"id":4286,"href":"https:\/\/elpuclitico.cl\/index.php\/wp-json\/wp\/v2\/posts\/4282\/revisions\/4286"}],"wp:featuredmedia":[{"embeddable":true,"href":"https:\/\/elpuclitico.cl\/index.php\/wp-json\/wp\/v2\/media\/4283"}],"wp:attachment":[{"href":"https:\/\/elpuclitico.cl\/index.php\/wp-json\/wp\/v2\/media?parent=4282"}],"wp:term":[{"taxonomy":"category","embeddable":true,"href":"https:\/\/elpuclitico.cl\/index.php\/wp-json\/wp\/v2\/categories?post=4282"},{"taxonomy":"post_tag","embeddable":true,"href":"https:\/\/elpuclitico.cl\/index.php\/wp-json\/wp\/v2\/tags?post=4282"}],"curies":[{"name":"wp","href":"https:\/\/api.w.org\/{rel}","templated":true}]}}