{"id":4287,"date":"2025-10-20T23:51:10","date_gmt":"2025-10-20T23:51:10","guid":{"rendered":"https:\/\/elpuclitico.cl\/?p=4287"},"modified":"2025-12-28T22:52:25","modified_gmt":"2025-12-28T22:52:25","slug":"exy-garay-pereira-la-super-estrella-americana-de-la-nau","status":"publish","type":"post","link":"https:\/\/elpuclitico.cl\/index.php\/2025\/10\/20\/exy-garay-pereira-la-super-estrella-americana-de-la-nau\/","title":{"rendered":"Exy\u00a0Garay Pereira: La super estrella americana de la NAU"},"content":{"rendered":"\n<p><em>A sus 23 a\u00f1os,&nbsp;Exy&nbsp;Garay Pereira, estudiante de sexto a\u00f1o de Ingenier\u00eda y oriunda de Antofagasta, se define como una apasionada por la vida universitaria. Hoy enfrenta la segunda vuelta en la elecci\u00f3n a Consejer\u00eda Superior de la UC, un resultado que, seg\u00fan confiesa, la tom\u00f3 por sorpresa. Su objetivo es claro: impulsar una universidad donde la experiencia se viva con alegr\u00eda y cercan\u00eda.&nbsp;<\/em>&nbsp;<\/p>\n\n\n\n<p>Exy&nbsp;Garay Pereira eligi\u00f3 su nombre como quien elige un destino. \u201cYo me llamo&nbsp;Exy, y viene de&nbsp;<em>sexy<\/em>\u201d, confiesa con una sonrisa que mezcla entre verg\u00fcenza y ternura. La historia detr\u00e1s del nombre es la de una ni\u00f1a que so\u00f1aba con ser una superestrella americana, escucharse en los grandes escenarios mientras una voz anunciaba&nbsp;<em>\u201chere&nbsp;comes Miss&nbsp;Exy\u201d<\/em>. Dicho de corrido, el juego de palabras transformaba la fantas\u00eda en declaraci\u00f3n:&nbsp;<em>\u201cHere comes Miss Sexy\u201d<\/em>. A\u00f1os despu\u00e9s, esa ni\u00f1a cumpli\u00f3 su promesa sin luces ni micr\u00f3fonos, pero con el mismo orgullo de quien aprendi\u00f3 a nombrarse y ser visible.&nbsp;&nbsp;<\/p>\n\n\n\n<p>Eran las 15:50 en el campus Casa Central. El term\u00f3metro marcaba 25 grados, aunque bajo el sol del patio de Comunicaciones se sent\u00edan como 28. Era un jueves tranquilo, de esos en que la universidad parece bajar el ritmo despu\u00e9s del almuerzo: pocas voces, sombras escasas y un aire tibio que lo envolv\u00eda todo. Desde el patio de Derecho aparece&nbsp;Exy, avanzando con paso ligero. Viste un<em>&nbsp;crop&nbsp;top&nbsp;<\/em>negro, una camisa blanca de finas rayas, pantalones&nbsp;sastreros&nbsp;desabotonados y la polera verde de la NAU colgando del cintur\u00f3n, como un estallido de color entre la sobriedad. Llega sonriendo, con una energ\u00eda que rompe la calma del lugar. Pide buscar una de las pocas mesas con sombra.&nbsp;&nbsp;<\/p>\n\n\n\n<p>\u2014 \u00bf<strong>C\u00f3mo te sientes con los resultados de la primera vuelta?<\/strong>&nbsp;<\/p>\n\n\n\n<p>\u2014&nbsp;&nbsp;Cacha que me siento muy feliz. (&#8230;) En realidad no tengo idea de c\u00f3mo pas\u00f3.&nbsp;<\/p>\n\n\n\n<p>Ella habla r\u00e1pido, con una mezcla de nervios y entusiasmo: \u201cYo no era capaz de verme a m\u00ed misma pasando&nbsp;con el proyecto. (&#8230;) No me ve\u00eda en la capacidad de&nbsp;incluso llegar a segunda vuelta\u201d.&nbsp;&nbsp;<\/p>\n\n\n\n<p><strong>El camino al \u00e9xito: vencer el miedo<\/strong>&nbsp;<\/p>\n\n\n\n<p>&nbsp;\u201cYo entr\u00e9 a la UC con mucho miedo\u201d, recuerda. Miedo a no pertenecer, a ser la excepci\u00f3n en un espacio que parec\u00eda hecho para otros. \u201cCuando entr\u00e9 a mi especialidad, que era de puros hombres, pensaba:&nbsp;\u00abNo pertenezco ac\u00e1\u00bb\u201d, confiesa, evocando esa sensaci\u00f3n de extra\u00f1eza que la acompa\u00f1\u00f3 durante varios a\u00f1os.&nbsp;&nbsp;<\/p>\n\n\n\n<p>Pero su identidad no se agota en lo que cuesta, sino en lo que ilumina.&nbsp;Exy&nbsp;es una mujer trans, y aunque dice que no quiere que eso sea \u201cel foco de su vida\u201d, reconoce que \u201ces el 70% de lo que me define\u201d. Ha aprendido a habitar ese cuerpo y nombre como una forma de resistencia y de amor propio. \u201cYo puedo encantarte, pero soy una mujer trans en todo, y la gente tiene que ser capaz de querer esto y de aceptarlo\u201d, dice.&nbsp;<\/p>\n\n\n\n<p>Su paso por la representaci\u00f3n estudiantil le devolvi\u00f3 algo que cre\u00eda perdido: el sentido de pertenencia. En su etapa en el Centro de Alumnos de Ingenier\u00eda (CAI), descubri\u00f3 el impacto de ser visible. \u201cUna vez se me acerc\u00f3 una chica y me dijo: cuando te vi en el CAI, agarr\u00e9 el coraje de salir del cl\u00f3set. Llevaba m\u00e1s de seis a\u00f1os escondida\u201d, cuenta con los ojos brillantes. \u201cNo pod\u00eda creerlo. Ah\u00ed entend\u00ed que&nbsp;serv\u00eda que yo estuviera ac\u00e1\u201d.&nbsp;<\/p>\n\n\n\n<p>Hoy, esa experiencia se traduce en el prop\u00f3sito de construir una universidad donde nadie sienta que debe esconderse. \u201cOjal\u00e1 todos aprendamos a vivir sin miedo\u201d, dice. \u201cYo era nadie. Mi vida habr\u00eda sido muy distinta si hubiera dejado que el miedo me ganara. Hasta hoy lo llevo conmigo, pero dejo que me movilice. Si tengo miedo, es porque estoy haciendo algo bien\u201d.&nbsp;<\/p>\n\n\n\n<p><strong>Transici\u00f3n, fe y servicio: el motor de&nbsp;Exy<\/strong>&nbsp;<\/p>\n\n\n\n<p>Exy&nbsp;reconoce a\u00fan tenerle miedo a la pol\u00edtica, pero no a los espacios de representaci\u00f3n y participaci\u00f3n universitaria: ese miedo se acab\u00f3 cuando&nbsp;transicion\u00f3. \u201cYo&nbsp;transicion\u00e9&nbsp;sola, no sab\u00eda nada, no sab\u00eda c\u00f3mo hormonarme, d\u00f3nde est\u00e1 la asistencia psicol\u00f3gica, c\u00f3mo combato la disforia, no sab\u00eda nada. Ah\u00ed me di cuenta lo importante que son los espacios de visibilidad\u201d, expresa mientras recuerda esos a\u00f1os encerrada en un cuerpo que no era suyo. De peque\u00f1a, no contaba con alguien que la guiara o que la aconsejara. Hoy, quiere ser esa persona que no tuvo cuando ni\u00f1a. \u201cOjal\u00e1 para la siguiente persona que venga sea m\u00e1s f\u00e1cil que para m\u00ed\u201d, dice. \u201cOjal\u00e1 que, mientras yo est\u00e9 en la UC y a alguien m\u00e1s le pase, tenga las cosas m\u00e1s f\u00e1ciles que como a m\u00ed me tocaron\u201d.&nbsp;<\/p>\n\n\n\n<p>No piensa en ella como ni\u00f1a, piensa en los ni\u00f1os que, por miedo, no pueden llegar a ser como&nbsp;Exy, que no puedan sentirse c\u00f3modos consigo mismos, que tengan que ocultar su verdadera forma de ser por el qu\u00e9 dir\u00e1n, que deban vivir toda una vida encerrados en quienes no son.&nbsp;&nbsp;<\/p>\n\n\n\n<p>Adem\u00e1s de convertirse en una superestrella, quiere ser una referente y un modelo a seguir dentro de la UC. Desea que los futuros novatos trans vean en ella una figura de acogida dentro de la universidad.&nbsp;<\/p>\n\n\n\n<p>El servicio siempre ha estado presente en la vida de&nbsp;Exy, desde la primera vez que fue a la capilla con su pap\u00e1, en Antofagasta. Cree, esperanzada, que el reino de Dios en la tierra s\u00ed es posible crearlo, con cari\u00f1o, amor, compa\u00f1\u00eda y fe. Al hablar de su arista cat\u00f3lica se averg\u00fcenza, porque la gente nunca se espera que quien sue\u00f1a en ser una superestrella sea devota y lea La Biblia en verano. Sin embargo, su servicio nace de ah\u00ed, y es un factor que, a pesar de considerarlo \u201c\u00f1o\u00f1o\u201d, la forma no tan s\u00f3lo como persona, sino que como representante estudiantil.&nbsp;<\/p>\n\n\n\n<p><strong>Sue\u00f1os de una superestrella<\/strong>&nbsp;<\/p>\n\n\n\n<p>\u201cEs el amor por hacer una universidad diferente, ese amor a lo colectivo\u201d. As\u00ed es como define al partido que la representa: la Nueva Acci\u00f3n Universitaria (NAU). Cree, de manera ferviente, que la NAU es esa b\u00fasqueda colectiva de acuerdos, con di\u00e1logo activo y humano.&nbsp;&nbsp;<\/p>\n\n\n\n<p>\u2014 \u00bf<strong>Por qu\u00e9 la NAU tiene que ganar la CS?&nbsp;<\/strong>&nbsp;<\/p>\n\n\n\n<p>\u2014&nbsp;&nbsp;Porque la NAU ama profundamente esta universidad. Es un proyecto profundo y progresista que ama la UC.&nbsp;<\/p>\n\n\n\n<p>Exy, decidida, afirma que el movimiento perdi\u00f3 en las elecciones FEUC 2025 justamente, porque la NAU se hab\u00eda puesto c\u00f3moda, porque asumieron una posici\u00f3n donde la UC era de izquierda y perdieron de vista que la universidad, pol\u00edtica y socialmente, es muy diversa. Este a\u00f1o, por el contrario de las elecciones anteriores, cree que la NAU supo rearticularse, reformular la campa\u00f1a para llegar al estudiantado y pasar, por primera vez en la historia de la Universidad Cat\u00f3lica, a segunda vuelta con otra lista de izquierda. \u201cYo veo a la NAU ahora y digo:&nbsp;\u00abNo,&nbsp;este movimiento se merece estar ah\u00ed, se merece seguir impulsando ese sue\u00f1o progresista, feminista y triestamental\u00bb\u201d,&nbsp;dice.&nbsp;<\/p>\n\n\n\n<p>\u2014&nbsp;<strong>\u00bfY por qu\u00e9 candidatearse a la Consejer\u00eda Superior (CS)?<\/strong>&nbsp;<\/p>\n\n\n\n<p>\u2014&nbsp;La Consejer\u00eda Superior tiene la capacidad de generar un impacto a largo plazo. Pero igual genera un impacto directo e instant\u00e1neo en la gente.&nbsp;&nbsp;<\/p>\n\n\n\n<p>Su sue\u00f1o de ni\u00f1a de ser una superestrella americana sigue en pie, y llegar a la Consejer\u00eda Superior es parte del camino, no tan solo porque se va a hacer m\u00e1s conocida, sino porque quiere hacer un cambio \u201cm\u00e1s radical\u201d en la CS de la Universidad Cat\u00f3lica: que sea m\u00e1s humana. \u201cA m\u00ed, genuinamente, me gustar\u00eda cambiar eso. Yo siempre he intentado eso desde todos los espacios en los que participo, que ojal\u00e1 seamos m\u00e1s humanos\u201d, sue\u00f1a.&nbsp;<\/p>\n\n\n\n<p>Cuando le lleg\u00f3 la oportunidad de ser candidata a la CS por la NAU, acept\u00f3 de inmediato, pero con una sola condici\u00f3n, poder seguir siendo ella: \u201cQuiero seguir siendo igual de rid\u00edcula, igual de est\u00fapida, igual de humana que siempre he sido\u201d. Exy, aparte de representar al estudiantado, quiere que su p\u00fablico se sienta escuchado, querido y comprendido por quien busca ser la superestrella de la Consejer\u00eda Superior de la Universidad Cat\u00f3lica, Exy Garay Pereira.&nbsp;<\/p>\n","protected":false},"excerpt":{"rendered":"<p>A sus 23 a\u00f1os,&nbsp;Exy&nbsp;Garay Pereira, estudiante de sexto a\u00f1o de Ingenier\u00eda y oriunda de Antofagasta, se define como una apasionada por la vida universitaria. Hoy enfrenta la segunda vuelta en la elecci\u00f3n a Consejer\u00eda Superior de la UC, un resultado que, seg\u00fan confiesa, la tom\u00f3 por sorpresa. Su objetivo es claro: impulsar una universidad donde [&hellip;]<\/p>\n","protected":false},"author":1,"featured_media":4288,"comment_status":"open","ping_status":"open","sticky":false,"template":"","format":"standard","meta":{"_eb_attr":"","_gspb_post_css":"","om_disable_all_campaigns":false,"_monsterinsights_skip_tracking":false,"_monsterinsights_sitenote_active":false,"_monsterinsights_sitenote_note":"","_monsterinsights_sitenote_category":0,"footnotes":""},"categories":[14,61,17],"tags":[22],"class_list":["post-4287","post","type-post","status-publish","format-standard","has-post-thumbnail","hentry","category-actualidad","category-elecciones-feuc-2026","category-politicauniversitaria","tag-destacado"],"blocksy_meta":[],"aioseo_notices":[],"_links":{"self":[{"href":"https:\/\/elpuclitico.cl\/index.php\/wp-json\/wp\/v2\/posts\/4287","targetHints":{"allow":["GET"]}}],"collection":[{"href":"https:\/\/elpuclitico.cl\/index.php\/wp-json\/wp\/v2\/posts"}],"about":[{"href":"https:\/\/elpuclitico.cl\/index.php\/wp-json\/wp\/v2\/types\/post"}],"author":[{"embeddable":true,"href":"https:\/\/elpuclitico.cl\/index.php\/wp-json\/wp\/v2\/users\/1"}],"replies":[{"embeddable":true,"href":"https:\/\/elpuclitico.cl\/index.php\/wp-json\/wp\/v2\/comments?post=4287"}],"version-history":[{"count":1,"href":"https:\/\/elpuclitico.cl\/index.php\/wp-json\/wp\/v2\/posts\/4287\/revisions"}],"predecessor-version":[{"id":4289,"href":"https:\/\/elpuclitico.cl\/index.php\/wp-json\/wp\/v2\/posts\/4287\/revisions\/4289"}],"wp:featuredmedia":[{"embeddable":true,"href":"https:\/\/elpuclitico.cl\/index.php\/wp-json\/wp\/v2\/media\/4288"}],"wp:attachment":[{"href":"https:\/\/elpuclitico.cl\/index.php\/wp-json\/wp\/v2\/media?parent=4287"}],"wp:term":[{"taxonomy":"category","embeddable":true,"href":"https:\/\/elpuclitico.cl\/index.php\/wp-json\/wp\/v2\/categories?post=4287"},{"taxonomy":"post_tag","embeddable":true,"href":"https:\/\/elpuclitico.cl\/index.php\/wp-json\/wp\/v2\/tags?post=4287"}],"curies":[{"name":"wp","href":"https:\/\/api.w.org\/{rel}","templated":true}]}}