{"id":4290,"date":"2025-10-20T23:54:20","date_gmt":"2025-10-20T23:54:20","guid":{"rendered":"https:\/\/elpuclitico.cl\/?p=4290"},"modified":"2025-12-28T22:52:14","modified_gmt":"2025-12-28T22:52:14","slug":"calen-dote-educar-desde-el-amor","status":"publish","type":"post","link":"https:\/\/elpuclitico.cl\/index.php\/2025\/10\/20\/calen-dote-educar-desde-el-amor\/","title":{"rendered":"Calen Dote: Educar desde el amor"},"content":{"rendered":"\n<p><em>El estudiante de Pedagog\u00eda en Ingl\u00e9s y oriundo de Temuco, destaca por su serenidad: habla despacio y piensa bien sus palabras. Entre la vocaci\u00f3n de la pedagog\u00eda y su participaci\u00f3n en la pol\u00edtica, Calen demuestra que educar promueve cambios no solo desde las aulas. Desde la Consejer\u00eda Superior, busca transformar la condici\u00f3n de los estudiantes: c\u00f3mo se forman, c\u00f3mo estudian y qu\u00e9 es lo que estudian.<\/em><br><br><\/p>\n\n\n\n<p>En un espacio lleno de ruido y movimiento, Calen Dote se destaca por su serenidad. Habla despacio y piensa bien sus palabras. \u201cMe defino como una persona tranquila, emp\u00e1tica y consciente\u201d, dice. Sentado, con las piernas cruzadas y una sonrisa, sus palabras datan c\u00f3mo ha construido una identidad donde educar y amar van de la mano.<\/p>\n\n\n\n<p>Calen afirma hablar consigo mismo \u2014incluso a veces responderse\u2014 para entenderse, como una forma de poner en palabras lo que a veces le es dif\u00edcil de exteriorizar. Le apasiona jugar con el lenguaje, escribe poes\u00eda que mezcla ternura, cr\u00edtica, introspecci\u00f3n y esperanza. No descarta publicar un poemario biling\u00fce, porque para \u00e9l las lenguas, tal como las identidades, pueden convivir sin jerarqu\u00edas.<\/p>\n\n\n\n<p>*<\/p>\n\n\n\n<p>Estudiante de Pedagog\u00eda en Ingl\u00e9s y oriundo de Temuco, desde peque\u00f1o imagin\u00f3 aportar a la educaci\u00f3n, aunque en alg\u00fan momento consider\u00f3 biotecnolog\u00eda tambi\u00e9n. La pandemia trajo consigo el empuj\u00f3n que necesitaba. Comenz\u00f3 a dar clases de ingl\u00e9s, espa\u00f1ol y portugues. Descubri\u00f3 que le llenaba acompa\u00f1ar el aprendizaje. Hoy afirma que \u201cEducar es darle la oportunidad a otras personas de conocerse a s\u00ed mismos y de entender el mundo que les rodea\u201d<\/p>\n\n\n\n<p>Antes de ingresar a la universidad, vivi\u00f3 dos a\u00f1os en Brasil como misionero de una iglesia cristiana, lo que considera su primer acercamiento a la acci\u00f3n pol\u00edtica, que busca cambios en la vida de las personas. Esa experiencia, dice, le ense\u00f1\u00f3 a mirar las realidades ajenas con empat\u00eda y respeto, entendiendo que la fe est\u00e1 en la empat\u00eda cotidiana. Aunque hoy no se considera practicante de ninguna religi\u00f3n, mantiene fe: \u201cS\u00ed me considero creyente. A mi manera dir\u00eda yo\u201d, afirma.<\/p>\n\n\n\n<p>*<\/p>\n\n\n\n<p><strong>\u2014 <\/strong><strong>\u00bfQui\u00e9n eras antes de entrar a la universidad y en qu\u00e9 sientes que te has transformado desde entonces?<\/strong><\/p>\n\n\n\n<p>\u2014 Tal vez en personalidad no he cambiado mucho, pero durante mi primer a\u00f1o de universidad sucedi\u00f3 algo que me cambi\u00f3 la vida: sal\u00ed del closet. Le cont\u00e9 por primera vez a unas amigas de la universidad en el patio de la U, y fue algo que signific\u00f3 cambiar c\u00f3mo entend\u00eda el mundo en mi propia vida y dejar de lado muchos proyectos personales y deseos que ten\u00eda. Y al mismo tiempo ver la realidad de una manera diferente y saber entender que en la diversidad hay algo tan hermoso que tenemos que defender y proteger.<\/p>\n\n\n\n<p>Ese fue el instante en que todo se transform\u00f3. Desde ese momento, la inclusi\u00f3n y la diversidad no son solo un lema, sino una misi\u00f3n en su vida. \u201cQuiero que nadie m\u00e1s sienta que tiene que esconderse (&#8230;) fuera de eso, la universidad me ha permitido desarrollar tantas habilidades, me ha permitido conocer tantos puntos de vista\u201d, afirma con convicci\u00f3n.<\/p>\n\n\n\n<p><strong>\u2014 <\/strong><strong>Si pudieras decirle algo a tu yo de primer a\u00f1o, \u00bfqu\u00e9 le dir\u00edas?<\/strong><\/p>\n\n\n\n<p>\u2014 Que tenga confianza en s\u00ed mismo. En las personas que va a conocer, que le ayudar\u00e1n a entenderse y le guiar\u00e1n en muchas cosas. Que se abra completamente a todas las experiencias que la universidad ofrece y no espere para involucrarse en todo lo que pueda, desde partes educativas y de vida universitaria hasta la representaci\u00f3n estudiantil, desarrollar hobbies, habilidades y servicios.<\/p>\n\n\n\n<p>*<\/p>\n\n\n\n<p>Con el tiempo su nombre se fue haciendo conocido por su participaci\u00f3n en la representaci\u00f3n estudiantil. Se involucr\u00f3 en el centro de estudiantes de su facultad motivado a generar cambios concretos. Su inter\u00e9s inicial fue mejorar la organizaci\u00f3n y promover el di\u00e1logo entre compa\u00f1eros. M\u00e1s adelante, como consejero territorial, impuls\u00f3 proyectos centrados en la educaci\u00f3n sexual integral y la inclusi\u00f3n, convencido de que la formaci\u00f3n tambi\u00e9n debe abordar el respeto, la identidad y la diversidad.<\/p>\n\n\n\n<p>Posteriormente, Calen comenz\u00f3 a participar en instancias universitarias, involucr\u00e1ndose en el Frente Amplio: \u201cMe hizo mucho sentido ver un partido que estaba presente en educaci\u00f3n (&#8230;) Tom\u00e9 la decisi\u00f3n de involucrarme porque yo tambi\u00e9n quer\u00eda ser alguien que pudiera traer cambios desde un desde un partido y con el apoyo de un partido\u201d.&nbsp;<\/p>\n\n\n\n<p>M\u00e1s tarde abrazar\u00eda las ideas de Amanecer, encontrando un espacio de colaboraci\u00f3n con otros estudiantes. Su enfoque, explica, no busca protagonismo, sino construir comunidad. Defiende una pol\u00edtica universitaria \u201cm\u00e1s humana\u201d, y considera que la representaci\u00f3n estudiantil es ante todo, una responsabilidad.<\/p>\n\n\n\n<p><strong>\u2014 <\/strong><strong>Terminada esa era de CT, <\/strong><strong>\u00bfpor qu\u00e9 candidatearse a Consejer\u00eda Superior?<\/strong><\/p>\n\n\n\n<p>\u2014 Responde precisamente al por qu\u00e9 estudio pedagog\u00eda en ingl\u00e9s, porque creo que desde la educaci\u00f3n vienen los cambios. (&#8230;) Desde la Consejer\u00eda Superior uno puede transformar las condiciones de los estudiantes: c\u00f3mo se forman, c\u00f3mo estudian y qu\u00e9 es lo que estudian.<\/p>\n\n\n\n<p><strong>\u2014 <\/strong><strong>\u00bfC\u00f3mo definir\u00edas tu sello o identidad en Amanecer? \u00bfQu\u00e9 crees que le aporta?<\/strong><\/p>\n\n\n\n<p><strong>\u2014 <\/strong>Mis principales banderas de lucha son precisamente la inclusi\u00f3n, la accesibilidad y la educaci\u00f3n. (&#8230;) Poner sobre la palestra qu\u00e9 hace falta en la educaci\u00f3n que recibimos y c\u00f3mo construimos una mejor sociedad desde c\u00f3mo aprendemos, los temas que se est\u00e1n hablando y que no se hablan con un sello inclusivo que sea integral, de disidencias, de situaci\u00f3n de discapacidad, de pueblos ind\u00edgenas, de iniquidad social tambi\u00e9n, y de estudiantes de regi\u00f3n.<\/p>\n\n\n\n<p>*<\/p>\n\n\n\n<p>Su compromiso tiene ra\u00edces familiares. Su madre ha dedicado su vida a luchar por las personas con discapacidad y sus cuidadores. \u201cElla constantemente me habla de c\u00f3mo valora el esfuerzo que hago para lograr un mundo mejor\u201d, menciona. De su padre aprendi\u00f3 el servicio y acompa\u00f1amiento por los que m\u00e1s lo necesitan. \u201cA pesar de que tengamos diferencias, \u2013mi mam\u00e1\u2013 se enorgullece mucho de qui\u00e9n soy y s\u00e9 que yo soy quien soy gracias a ella\u201d, confiesa.<\/p>\n\n\n\n<p><strong>\u2014 <\/strong><strong>\u00bfQu\u00e9 significa para ti que en esta segunda vuelta hayan pasado dos listas de izquierda?<\/strong><\/p>\n\n\n\n<p>\u2014 Es una enorme victoria y me llena mucho saber que el progresismo est\u00e1 m\u00e1s vigente que nunca en la Universidad Cat\u00f3lica, la cuna del gremialismo. Significa que el progresismo y nuestros proyectos le hacen sentido al estudiantado y que el poco tiempo que lleva Amanecer, hemos sabido mover al estudiantado, porque el qu\u00f3rum que hubo es hist\u00f3rico en los \u00faltimos a\u00f1os y considero que es gracias a Amanecer tambi\u00e9n. Al estudiantado que jam\u00e1s se ha sentido escuchado, (&#8230;) venimos a entregarle una opci\u00f3n en la que confiar y considero que hemos sabido responder a esa confianza.<\/p>\n\n\n\n<p>*<\/p>\n\n\n\n<p>Calen no teme mostrarse emocional. \u201cMe siento orgulloso cuando miro atr\u00e1s y veo la valent\u00eda que tuve para dejar tantas cosas atr\u00e1s y repensar qui\u00e9n quiero ser.\u201d Su historia est\u00e1 atravesada por gratitud hacia sus seres queridos, pero tambi\u00e9n por vulnerabilidad: \u201cLa vulnerabilidad m\u00e1s intensa viene cuando comparto con mi c\u00edrculo cercano, y hago una introspecci\u00f3n detr\u00e1s de las cosas que estoy haciendo bien y las cosas que a\u00fan faltan por cambiar\u201d.<\/p>\n\n\n\n<p>En el futuro quiere ser ese profesor que inspira confianza y ense\u00f1a humanidad. Le gustar\u00eda llegar al Ministerio de Educaci\u00f3n para incidir en pol\u00edticas p\u00fablicas que dignifiquen la labor docente y promuevan una educaci\u00f3n integral. \u201cYo creo mucho en que en la educaci\u00f3n nace todo lo que queremos y no queremos en nuestro mundo.\u201d<\/p>\n\n\n\n<p>Ha vivido esta campa\u00f1a con desgaste, y tambi\u00e9n alegr\u00eda. Reconoce que no es f\u00e1cil exponerse, pero cada conversaci\u00f3n con estudiantes le recuerdan por qu\u00e9 est\u00e1 ah\u00ed. \u201cEntiendo la poca confianza, porque no vemos cambios evidentes. Pero hay demasiadas cosas que en un momento se vieron imposibles (&#8230;)&nbsp; y llegaron por la organizaci\u00f3n estudiantil y creo que podemos traer tantas cosas m\u00e1s si es que continuamos confiando en la pol\u00edtica universitaria, en involucrarse\u201d.<\/p>\n\n\n\n<p>Hablar con Calen deja la sensaci\u00f3n de conocer a alguien que milita desde el amor. Sus palabras nacen de la experiencia de un amor por la educaci\u00f3n y personas. \u201cAs\u00ed como amanece cada d\u00eda, cada d\u00eda hay cambios con los que podemos luchar\u201d, dice para cerrar. Y quiz\u00e1s esto es lo que representa: la esperanza de que incluso despu\u00e9s de las noches m\u00e1s largas, hay un amanecer posible.<\/p>\n","protected":false},"excerpt":{"rendered":"<p>El estudiante de Pedagog\u00eda en Ingl\u00e9s y oriundo de Temuco, destaca por su serenidad: habla despacio y piensa bien sus palabras. Entre la vocaci\u00f3n de la pedagog\u00eda y su participaci\u00f3n en la pol\u00edtica, Calen demuestra que educar promueve cambios no solo desde las aulas. Desde la Consejer\u00eda Superior, busca transformar la condici\u00f3n de los estudiantes: [&hellip;]<\/p>\n","protected":false},"author":1,"featured_media":4291,"comment_status":"open","ping_status":"open","sticky":false,"template":"","format":"standard","meta":{"_eb_attr":"","_gspb_post_css":"","om_disable_all_campaigns":false,"_monsterinsights_skip_tracking":false,"_monsterinsights_sitenote_active":false,"_monsterinsights_sitenote_note":"","_monsterinsights_sitenote_category":0,"footnotes":""},"categories":[14,61,17],"tags":[22],"class_list":["post-4290","post","type-post","status-publish","format-standard","has-post-thumbnail","hentry","category-actualidad","category-elecciones-feuc-2026","category-politicauniversitaria","tag-destacado"],"blocksy_meta":[],"aioseo_notices":[],"_links":{"self":[{"href":"https:\/\/elpuclitico.cl\/index.php\/wp-json\/wp\/v2\/posts\/4290","targetHints":{"allow":["GET"]}}],"collection":[{"href":"https:\/\/elpuclitico.cl\/index.php\/wp-json\/wp\/v2\/posts"}],"about":[{"href":"https:\/\/elpuclitico.cl\/index.php\/wp-json\/wp\/v2\/types\/post"}],"author":[{"embeddable":true,"href":"https:\/\/elpuclitico.cl\/index.php\/wp-json\/wp\/v2\/users\/1"}],"replies":[{"embeddable":true,"href":"https:\/\/elpuclitico.cl\/index.php\/wp-json\/wp\/v2\/comments?post=4290"}],"version-history":[{"count":2,"href":"https:\/\/elpuclitico.cl\/index.php\/wp-json\/wp\/v2\/posts\/4290\/revisions"}],"predecessor-version":[{"id":4293,"href":"https:\/\/elpuclitico.cl\/index.php\/wp-json\/wp\/v2\/posts\/4290\/revisions\/4293"}],"wp:featuredmedia":[{"embeddable":true,"href":"https:\/\/elpuclitico.cl\/index.php\/wp-json\/wp\/v2\/media\/4291"}],"wp:attachment":[{"href":"https:\/\/elpuclitico.cl\/index.php\/wp-json\/wp\/v2\/media?parent=4290"}],"wp:term":[{"taxonomy":"category","embeddable":true,"href":"https:\/\/elpuclitico.cl\/index.php\/wp-json\/wp\/v2\/categories?post=4290"},{"taxonomy":"post_tag","embeddable":true,"href":"https:\/\/elpuclitico.cl\/index.php\/wp-json\/wp\/v2\/tags?post=4290"}],"curies":[{"name":"wp","href":"https:\/\/api.w.org\/{rel}","templated":true}]}}