{"id":4294,"date":"2025-10-23T00:32:34","date_gmt":"2025-10-23T00:32:34","guid":{"rendered":"https:\/\/elpuclitico.cl\/?p=4294"},"modified":"2025-12-28T22:51:50","modified_gmt":"2025-12-28T22:51:50","slug":"elecciones-feuc-2026-segunda-vuelta","status":"publish","type":"post","link":"https:\/\/elpuclitico.cl\/index.php\/2025\/10\/23\/elecciones-feuc-2026-segunda-vuelta\/","title":{"rendered":"Elecciones FEUC 2026: Segunda vuelta"},"content":{"rendered":"\n<p>El PUCl\u00edtico se re\u00fane nuevamente para el conteo minuto a minuto de las elecciones FEUC 2026.<\/p>\n\n\n\n<p>Esta noche la federaci\u00f3n se la disputan dos izquierdas: NAU! y Amanecer. <\/p>\n\n\n\n<p>Te dejamos el enlace de nuestro excel en donde podr\u00e1s ver el voto a voto en vivo: <br>https:\/\/uccl0-my.sharepoint.com\/:x:\/g\/personal\/nicolas_malfetano_uc_cl\/ER5hrRNOK7pLvQU3z139LmsBvwy66o0iqCaK7aOmzco3FA<\/p>\n\n\n\n<p>\u00a1Acomp\u00e1\u00f1anos esta noche!<\/p>\n","protected":false},"excerpt":{"rendered":"<p>El PUCl\u00edtico se re\u00fane nuevamente para el conteo minuto a minuto de las elecciones FEUC 2026. Esta noche la federaci\u00f3n se la disputan dos izquierdas: NAU! y Amanecer. Te dejamos el enlace de nuestro excel en donde podr\u00e1s ver el voto a voto en vivo: https:\/\/uccl0-my.sharepoint.com\/:x:\/g\/personal\/nicolas_malfetano_uc_cl\/ER5hrRNOK7pLvQU3z139LmsBvwy66o0iqCaK7aOmzco3FA \u00a1Acomp\u00e1\u00f1anos esta noche!<\/p>\n","protected":false},"author":1,"featured_media":0,"comment_status":"open","ping_status":"open","sticky":false,"template":"","format":"standard","meta":{"_eb_attr":"","_gspb_post_css":"","om_disable_all_campaigns":false,"_monsterinsights_skip_tracking":false,"_monsterinsights_sitenote_active":false,"_monsterinsights_sitenote_note":"","_monsterinsights_sitenote_category":0,"footnotes":""},"categories":[14,61,17],"tags":[],"class_list":["post-4294","post","type-post","status-publish","format-standard","hentry","category-actualidad","category-elecciones-feuc-2026","category-politicauniversitaria"],"blocksy_meta":[],"aioseo_notices":[],"_links":{"self":[{"href":"https:\/\/elpuclitico.cl\/index.php\/wp-json\/wp\/v2\/posts\/4294","targetHints":{"allow":["GET"]}}],"collection":[{"href":"https:\/\/elpuclitico.cl\/index.php\/wp-json\/wp\/v2\/posts"}],"about":[{"href":"https:\/\/elpuclitico.cl\/index.php\/wp-json\/wp\/v2\/types\/post"}],"author":[{"embeddable":true,"href":"https:\/\/elpuclitico.cl\/index.php\/wp-json\/wp\/v2\/users\/1"}],"replies":[{"embeddable":true,"href":"https:\/\/elpuclitico.cl\/index.php\/wp-json\/wp\/v2\/comments?post=4294"}],"version-history":[{"count":1,"href":"https:\/\/elpuclitico.cl\/index.php\/wp-json\/wp\/v2\/posts\/4294\/revisions"}],"predecessor-version":[{"id":4295,"href":"https:\/\/elpuclitico.cl\/index.php\/wp-json\/wp\/v2\/posts\/4294\/revisions\/4295"}],"wp:attachment":[{"href":"https:\/\/elpuclitico.cl\/index.php\/wp-json\/wp\/v2\/media?parent=4294"}],"wp:term":[{"taxonomy":"category","embeddable":true,"href":"https:\/\/elpuclitico.cl\/index.php\/wp-json\/wp\/v2\/categories?post=4294"},{"taxonomy":"post_tag","embeddable":true,"href":"https:\/\/elpuclitico.cl\/index.php\/wp-json\/wp\/v2\/tags?post=4294"}],"curies":[{"name":"wp","href":"https:\/\/api.w.org\/{rel}","templated":true}]}}