{"id":4296,"date":"2025-10-25T00:36:13","date_gmt":"2025-10-25T00:36:13","guid":{"rendered":"https:\/\/elpuclitico.cl\/?p=4296"},"modified":"2026-02-25T03:44:49","modified_gmt":"2026-02-25T03:44:49","slug":"feuc-electa-y-rector-de-la-llera-se-reunen-por-primera-vez","status":"publish","type":"post","link":"https:\/\/elpuclitico.cl\/index.php\/2025\/10\/25\/feuc-electa-y-rector-de-la-llera-se-reunen-por-primera-vez\/","title":{"rendered":"FEUC electa y rector de La Llera se re\u00fanen por primera vez"},"content":{"rendered":"\n<p><em>El encuentro consolid\u00f3 metas comunes como ser la mejor universidad para Chile y aportar para mejorar la vida de los chilenos. Los representantes tambi\u00e9n expusieron a las autoridades las necesidades e inquietudes levantadas por el estudiantado durante el periodo de campa\u00f1a.<\/em><\/p>\n\n\n\n<p>Durante la tarde de este viernes, el rector Juan Carlos De la Llera se reuni\u00f3 por primera con la Consejer\u00eda Superior y Directiva FEUC electa de la Nueva Acci\u00f3n Universitaria, con el objetivo de abordar los principales desaf\u00edos futuros y realizar un diagn\u00f3stico del estado actual de la universidad. La instancia tambi\u00e9n cont\u00f3 con la participaci\u00f3n del vicerrector acad\u00e9mico, Mario Ponce, y el vicerrector de Comunicaciones, Eduardo Arriagada.<\/p>\n\n\n\n<p><br>La reuni\u00f3n, realizada en Casa Central, marc\u00f3 el inicio del trabajo conjunto entre la nueva Federaci\u00f3n de Estudiantes y la Rector\u00eda, donde el desaf\u00edo de \u201cser la mejor universidad para Chile\u201d se consolid\u00f3 como algo com\u00fan para ambos organismos. Ambas partes coincidieron en su diagn\u00f3stico sobre las necesidades de la comunidad universitaria y del pa\u00eds.<\/p>\n\n\n\n<p><br>La nueva FEUC comparti\u00f3 a las autoridades las inquietudes y necesidades levantadas por el estudiantado durante el periodo de campa\u00f1a, enfatizando valores como la cercan\u00eda, la transparencia y la participaci\u00f3n estudiantil como ejes de su gesti\u00f3n.<br>\u201cEstoy muy contento de que compartamos con la FEUC algo fundamental: un profundo cari\u00f1o por nuestra UC, y el firme prop\u00f3sito de hacer de ella la mejor universidad para Chile. Esto solo se logra trabajando juntos, y con objetivos comunes\u201d, expres\u00f3 el rector De la Llera. Quien adem\u00e1s subray\u00f3 la importancia de abordar los principales dolores del pa\u00eds. \u201cEn esta reuni\u00f3n entendimos que tenemos el mismo deseo de aportar a mejorar la vida de los chilenos\u201d, a\u00f1adi\u00f3.<\/p>\n\n\n\n<p><br>Por su parte, la consejera superior electa, Exy Garay, calific\u00f3 el encuentro de fruct\u00edfero y efectivo, valorando la disposici\u00f3n del rector para trabajar de manera colaborativa. \u201cDesde la Nueva Acci\u00f3n Universitaria siempre hablamos de un di\u00e1logo y de trabajar con las instituciones, pero tambi\u00e9n como dijimos en campa\u00f1a siempre tenemos que ser quienes lleven las voces de los estudiantes a la Direcci\u00f3n Superior. De eso se trata la representaci\u00f3n\u201d, indic\u00f3.<\/p>\n","protected":false},"excerpt":{"rendered":"<p>El encuentro consolid\u00f3 metas comunes como ser la mejor universidad para Chile y aportar para mejorar la vida de los chilenos. Los representantes tambi\u00e9n expusieron a las autoridades las necesidades e inquietudes levantadas por el estudiantado durante el periodo de campa\u00f1a. Durante la tarde de este viernes, el rector Juan Carlos De la Llera se [&hellip;]<\/p>\n","protected":false},"author":1,"featured_media":4297,"comment_status":"open","ping_status":"open","sticky":false,"template":"","format":"standard","meta":{"_eb_attr":"","_gspb_post_css":"","om_disable_all_campaigns":false,"_monsterinsights_skip_tracking":false,"_monsterinsights_sitenote_active":false,"_monsterinsights_sitenote_note":"","_monsterinsights_sitenote_category":0,"footnotes":""},"categories":[14,17],"tags":[22],"class_list":["post-4296","post","type-post","status-publish","format-standard","has-post-thumbnail","hentry","category-actualidad","category-politicauniversitaria","tag-destacado"],"blocksy_meta":[],"aioseo_notices":[],"_links":{"self":[{"href":"https:\/\/elpuclitico.cl\/index.php\/wp-json\/wp\/v2\/posts\/4296","targetHints":{"allow":["GET"]}}],"collection":[{"href":"https:\/\/elpuclitico.cl\/index.php\/wp-json\/wp\/v2\/posts"}],"about":[{"href":"https:\/\/elpuclitico.cl\/index.php\/wp-json\/wp\/v2\/types\/post"}],"author":[{"embeddable":true,"href":"https:\/\/elpuclitico.cl\/index.php\/wp-json\/wp\/v2\/users\/1"}],"replies":[{"embeddable":true,"href":"https:\/\/elpuclitico.cl\/index.php\/wp-json\/wp\/v2\/comments?post=4296"}],"version-history":[{"count":2,"href":"https:\/\/elpuclitico.cl\/index.php\/wp-json\/wp\/v2\/posts\/4296\/revisions"}],"predecessor-version":[{"id":4299,"href":"https:\/\/elpuclitico.cl\/index.php\/wp-json\/wp\/v2\/posts\/4296\/revisions\/4299"}],"wp:featuredmedia":[{"embeddable":true,"href":"https:\/\/elpuclitico.cl\/index.php\/wp-json\/wp\/v2\/media\/4297"}],"wp:attachment":[{"href":"https:\/\/elpuclitico.cl\/index.php\/wp-json\/wp\/v2\/media?parent=4296"}],"wp:term":[{"taxonomy":"category","embeddable":true,"href":"https:\/\/elpuclitico.cl\/index.php\/wp-json\/wp\/v2\/categories?post=4296"},{"taxonomy":"post_tag","embeddable":true,"href":"https:\/\/elpuclitico.cl\/index.php\/wp-json\/wp\/v2\/tags?post=4296"}],"curies":[{"name":"wp","href":"https:\/\/api.w.org\/{rel}","templated":true}]}}