{"id":4322,"date":"2025-11-12T23:12:33","date_gmt":"2025-11-12T23:12:33","guid":{"rendered":"https:\/\/elpuclitico.cl\/?p=4322"},"modified":"2026-02-25T03:44:13","modified_gmt":"2026-02-25T03:44:13","slug":"comision-de-reforma-presenta-propuestas-de-cambio-al-estatuto-feuc","status":"publish","type":"post","link":"https:\/\/elpuclitico.cl\/index.php\/2025\/11\/12\/comision-de-reforma-presenta-propuestas-de-cambio-al-estatuto-feuc\/","title":{"rendered":"Comisi\u00f3n de reforma presenta propuestas de cambio al Estatuto FEUC"},"content":{"rendered":"\n<p><em>La Comisi\u00f3n de Reforma, integrada por diversos consejeros territoriales, present\u00f3 un documento que contiene cinco propuestas para modificar el Estatuto de la FEUC. Miembros, acusaron la falta de presencia de los miembros del Movimiento Gremial.<\/em><\/p>\n\n\n\n<p>La Comisi\u00f3n de Reforma, integrada por los consejeros territoriales Facundo Valenzuela (SDD), Dora G\u00e1rate (NAU), Jorge Mu\u00f1oz (AVZ), Francisca Ayala (AMC), Tom\u00e1s C\u00e1diz (MG), Juan Ag\u00fcero (NAU), Luca Sacco (IND) y Mario Edwards (MG), culmin\u00f3 su labor presentando una propuesta de reforma que contempla cinco modificaciones al Estatuto de la FEUC.&nbsp;<\/p>\n\n\n\n<p>En ese sentido, especial pol\u00e9mica gener\u00f3 la propuesta que busca eliminar la referencia al car\u00e1cter cat\u00f3lico de la FEUC. En concreto, se plante\u00f3 sustituir las l\u00edneas:&nbsp;<\/p>\n\n\n\n<p><em>\u201cManifestamos nuestra conformidad y adhesi\u00f3n activa y diligente con el mensaje evang\u00e9lico de Cristo, expresado en las Escrituras y en el Magisterio de los Pastores de la Iglesia Cat\u00f3lica, Apost\u00f3lica y Romana. La acci\u00f3n de nuestra Federaci\u00f3n debe ser coherente con tales ense\u00f1anzas\u201d.<\/em>&nbsp;<\/p>\n\n\n\n<p>Por la siguiente formulaci\u00f3n:&nbsp;<\/p>\n\n\n\n<p><em>\u201cProclamamos que todas las personas nacen libres e iguales en dignidad y derechos. Reconocemos como derechos b\u00e1sicos y fundamentales de la persona humana aquellos contenidos en la Declaraci\u00f3n Universal de los Derechos Humanos\u201d.<\/em>&nbsp;<\/p>\n\n\n\n<p>No obstante, la propuesta de reforma tambi\u00e9n incorpor\u00f3 modificaciones relacionadas con el funcionamiento de la Federaci\u00f3n. Entre ellas, se incluyen cambios vinculados al rol de los Observadores Activos, la renuncia y subrogaci\u00f3n de los consejeros territoriales, as\u00ed como ajustes en la participaci\u00f3n de los profesores en el TRICEL. Adem\u00e1s, se propone modificar el n\u00famero de CT adicionales para aquellos territorios que cuenten con m\u00e1s de 999 estudiantes.&nbsp;<\/p>\n\n\n\n<p>Para Lucas Sacco, CT independiente por Ciencias Exactas, las propuestas responden a criterios para mejorar la presentaci\u00f3n, haci\u00e9ndola m\u00e1s efectiva y responsable. En este contexto, mencion\u00f3 que la pol\u00e9mica cl\u00e1usula que elimina la sujeci\u00f3n cat\u00f3lica responde al \u201cinter\u00e9s de permitir que la Federaci\u00f3n represente libremente a los estudiantes que lo eligen, sin ser constre\u00f1idos por doctrinas que no necesariamente representan a la mayor\u00eda de los estudiantes\u201d. Asimismo, acus\u00f3 falta de presencia por parte de los CT del Movimiento Gremial, quienes no se presentaron en las sesiones que discutieron que estos cambios.&nbsp;&nbsp;<\/p>\n\n\n\n<p>Por su parte, Jorge Mu\u00f1oz, CT y excandidato a la presidencia FEUC por Avanzar, mencion\u00f3 que los cambios propuestos responden a inconvenientes presenciados durante el a\u00f1o y que, se buscaba corregir situaciones como la ocurrida en el Buinazo, agilizar procesos de ratificaci\u00f3n para los subrogantes y explicitar canales para efectuar las renuncias.&nbsp;&nbsp;<\/p>\n\n\n\n<p>El CT por Administraci\u00f3n P\u00fablica, tambi\u00e9n critic\u00f3 la falta de presencia por parte de los consejeros del Movimiento Gremial, expresando que, de haber estado presentes \u201cperfectamente esa propuesta de descartaba en la misma comisi\u00f3n\u201d y, aclar\u00f3 estar en contra de la citada propuesta, la cual rechaz\u00f3 en el ejecutivo.&nbsp;&nbsp;<\/p>\n\n\n\n<p>La secretaria de la comisi\u00f3n y CT de humanidades, Dora Garate, destac\u00f3 que los cambios fueron precedidos por un diagn\u00f3stico de aquello que necesitaba reformarse por redacci\u00f3n y cohesi\u00f3n. En ese sentido, la representante de humanidades mencion\u00f3 haber aprobado la propuesta que modificaba los principios de la federaci\u00f3n, con el fin de que \u201cse pudiese discutir dentro del ejecutivo, para que todo fuese lo m\u00e1s representativo posible y un reflejo de las opiniones de nuestros compa\u00f1eros\u201d. No obstante, aclar\u00f3 que desde la NAU reconocen los valores cat\u00f3licos de la Universidad.&nbsp;<\/p>\n\n\n\n<p>Sobre el trabajo y participaci\u00f3n de los miembros de la comisi\u00f3n Garate tambi\u00e9n critic\u00f3 a los representantes del movimiento gremial, afirma que no se logr\u00f3 trabajar de buena manera \u201cporque no se cumplieron los compromisos adquiridos de env\u00edo de documentos o informaci\u00f3n que necesit\u00e1bamos para poder trabajar\u201d.&nbsp;<\/p>\n\n\n\n<p>El PUCl\u00edtico tambi\u00e9n contact\u00f3 al vocero de la comisi\u00f3n y consejero territorial de Derecho por Solidaridad, Facundo Valenzuela, as\u00ed como a los entonces integrantes de la comisi\u00f3n, Tom\u00e1s C\u00e1diz y Mario Edwards, ambos pertenecientes al Movimiento Gremial. Sin embargo, hasta el cierre de esta nota, ninguno de ellos respondi\u00f3 a los mensajes enviados.&nbsp;<\/p>\n\n\n\n<p>Finalmente, todas las modificaciones fueron aprobadas, a excepci\u00f3n de aquellas que propon\u00edan cambiar los citados principios de la FEUC y ajustar la cantidad de consejeros Territoriales (CT) para resolver la subrepresentaci\u00f3n. Las propuestas restantes, ser\u00e1n sometidas a discusi\u00f3n en el Consejo FEUC que, en caso de ser aprobadas por dicha instancia, pasar\u00e1n a incorporarse oficialmente al Estatuto de la Federaci\u00f3n.&nbsp;<\/p>\n\n\n\n<p><\/p>\n","protected":false},"excerpt":{"rendered":"<p>La Comisi\u00f3n de Reforma, integrada por diversos consejeros territoriales, present\u00f3 un documento que contiene cinco propuestas para modificar el Estatuto de la FEUC. Miembros, acusaron la falta de presencia de los miembros del Movimiento Gremial. La Comisi\u00f3n de Reforma, integrada por los consejeros territoriales Facundo Valenzuela (SDD), Dora G\u00e1rate (NAU), Jorge Mu\u00f1oz (AVZ), Francisca Ayala [&hellip;]<\/p>\n","protected":false},"author":1,"featured_media":4323,"comment_status":"open","ping_status":"open","sticky":false,"template":"","format":"standard","meta":{"_eb_attr":"","_gspb_post_css":"","om_disable_all_campaigns":false,"_monsterinsights_skip_tracking":false,"_monsterinsights_sitenote_active":false,"_monsterinsights_sitenote_note":"","_monsterinsights_sitenote_category":0,"footnotes":""},"categories":[14,17],"tags":[],"class_list":["post-4322","post","type-post","status-publish","format-standard","has-post-thumbnail","hentry","category-actualidad","category-politicauniversitaria"],"blocksy_meta":[],"aioseo_notices":[],"_links":{"self":[{"href":"https:\/\/elpuclitico.cl\/index.php\/wp-json\/wp\/v2\/posts\/4322","targetHints":{"allow":["GET"]}}],"collection":[{"href":"https:\/\/elpuclitico.cl\/index.php\/wp-json\/wp\/v2\/posts"}],"about":[{"href":"https:\/\/elpuclitico.cl\/index.php\/wp-json\/wp\/v2\/types\/post"}],"author":[{"embeddable":true,"href":"https:\/\/elpuclitico.cl\/index.php\/wp-json\/wp\/v2\/users\/1"}],"replies":[{"embeddable":true,"href":"https:\/\/elpuclitico.cl\/index.php\/wp-json\/wp\/v2\/comments?post=4322"}],"version-history":[{"count":1,"href":"https:\/\/elpuclitico.cl\/index.php\/wp-json\/wp\/v2\/posts\/4322\/revisions"}],"predecessor-version":[{"id":4324,"href":"https:\/\/elpuclitico.cl\/index.php\/wp-json\/wp\/v2\/posts\/4322\/revisions\/4324"}],"wp:featuredmedia":[{"embeddable":true,"href":"https:\/\/elpuclitico.cl\/index.php\/wp-json\/wp\/v2\/media\/4323"}],"wp:attachment":[{"href":"https:\/\/elpuclitico.cl\/index.php\/wp-json\/wp\/v2\/media?parent=4322"}],"wp:term":[{"taxonomy":"category","embeddable":true,"href":"https:\/\/elpuclitico.cl\/index.php\/wp-json\/wp\/v2\/categories?post=4322"},{"taxonomy":"post_tag","embeddable":true,"href":"https:\/\/elpuclitico.cl\/index.php\/wp-json\/wp\/v2\/tags?post=4322"}],"curies":[{"name":"wp","href":"https:\/\/api.w.org\/{rel}","templated":true}]}}