{"id":4338,"date":"2025-11-22T22:50:00","date_gmt":"2025-11-22T22:50:00","guid":{"rendered":"https:\/\/elpuclitico.cl\/?p=4338"},"modified":"2026-02-25T03:44:01","modified_gmt":"2026-02-25T03:44:01","slug":"le-gano-la-ideologia-la-acusacion-de-borja-yanez-tras-cruce-con-profesor-de-la-uc","status":"publish","type":"post","link":"https:\/\/elpuclitico.cl\/index.php\/2025\/11\/22\/le-gano-la-ideologia-la-acusacion-de-borja-yanez-tras-cruce-con-profesor-de-la-uc\/","title":{"rendered":"\u201cLe gan\u00f3 la ideolog\u00eda\u201d: la acusaci\u00f3n de Borja Y\u00e1\u00f1ez tras cruce con profesor de la UC"},"content":{"rendered":"\n<p><em>Sebasti\u00e1n Gray, calific\u00f3 al representante gremialista de \u201cpobre fan\u00e1tico de pocas luces\u201d tras sus cr\u00edticas en X a la gesti\u00f3n de la exministra Jeannette Jara. Aunque el acad\u00e9mico se retract\u00f3, Y\u00e1\u00f1ez asegura que en la UC existe una \u201cideologizaci\u00f3n\u201d del profesorado.<\/em><\/p>\n\n\n\n<p><em><br><\/em>El 15 de noviembre se desat\u00f3 una controversia dentro de la comunidad UC, luego de que el profesor de Arquitectura, Sebasti\u00e1n Gray, comentara en X (ex Twitter) una publicaci\u00f3n del estudiante de Derecho y gremialista Borja Y\u00e1\u00f1ez, quien cuestionaba la gesti\u00f3n de la candidata presidencial Jeannette Jara, afirmando que su \u00fanica gesti\u00f3n fue \u201cser la PEOR Ministra del \u00b4Trabajo\u00b4\u201d. Gray calific\u00f3 al alumno de \u201cpobre fan\u00e1tico de pocas luces\u201d y atribuy\u00f3 a\u00a0 su discurso el fracaso del Movimiento Gremial (MG) en las elecciones FEUC.\u00a0<\/p>\n\n\n\n<p>La declaraci\u00f3n gener\u00f3 diversas reacciones. El acad\u00e9mico de la Facultad de Comunicaciones, Pablo Julio, cuestion\u00f3 el tono del mensaje, se\u00f1alando: \u201cNo me parece muy apropiado que un profesor de la UC se refiera as\u00ed respecto de un estudiante de la UC\u201d.<\/p>\n\n\n\n<p>Gray defendi\u00f3 su postura, argumentando que el estudiante hab\u00eda realizado una \u00absiniestra campa\u00f1a electoral dentro de la universidad\u00bb en favor de un candidato de ultraderecha.<\/p>\n\n\n\n<p>Fernando Soler Escalona, profesor asociado de Teolog\u00eda, tambi\u00e9n coment\u00f3 la publicaci\u00f3n, expresando: \u201cCreo que, al tratarse de un miembro de nuestra comunidad, deber\u00edas asumir el rol que te corresponde frente a este: educar, explicar, buscar, comprender, m\u00e1s all\u00e1 de las descalificaciones. El desacuerdo es normal, esto, no\u201d. Gray replic\u00f3 cuestionando \u201cc\u00f3mo se financia la campa\u00f1a proselitista de este aspirante pol\u00edtico\u201d<\/p>\n\n\n\n<p>Al d\u00eda siguiente, Y\u00e1\u00f1ez respondi\u00f3 compartiendo el tweet de Gray: \u201cCon ustedes, un profesor de mi Universidad. Para los que dicen que la \u201cUC es de derecha\u201d ac\u00e1 tienen la calidad docente que existe en varias facultades contra quienes pensamos distinto. Una verg\u00fcenza @sebastian_gray\u201d.&nbsp;<\/p>\n\n\n\n<p>Horas despu\u00e9s, Gray emiti\u00f3 un mensaje de rectificaci\u00f3n en la misma plataforma, reconociendo un exceso en sus palabras. \u201cRespetados colegas me han hecho ver lo inadecuado de mi trato en RRSS a un joven ayer, siendo ambos miembros de la misma universidad: \u00e9l estudiante y yo profesor. Admito que mi lenguaje fue excesivo (&#8230;) Me rectifico, pues y hago votos de sana convivencia y paz dentro y fuera de la Universidad\u201d, escribi\u00f3.<\/p>\n\n\n\n<p>Y\u00e1\u00f1ez valor\u00f3 que Gray reconociera el error, aunque se\u00f1al\u00f3 que no hab\u00eda una disculpa expl\u00edcita: \u201cAceptar\u00eda las disculpas si las pidiera, pero aprecio que reconozca el error. S\u00f3lo le pido que no vuelva a ocurrir con otros alumnos, porque muchos temen opinar por conductas como esta y no corresponde a ning\u00fan ambiente universitario\u201d.<\/p>\n\n\n\n<p>Borja Y\u00e1\u00f1ez coment\u00f3 al PUCl\u00edtico que el comentario del profesor lo tom\u00f3 por sorpresa, especialmente porque asegura tener \u201cmucha estima\u201d al cuerpo docente de la UC. \u201cSon personas que se suponen tienen la mayor cualificaci\u00f3n de Chile, con estudios internacionales bien valorados, en especial profesores que ya llevan tantas d\u00e9cadas en la universidad, como el caso del profesor Gray\u201d, agreg\u00f3.<\/p>\n\n\n\n<p>Respecto a las acusaciones de Gray, quien se\u00f1al\u00f3 razones por las que el MG no habr\u00eda llegado a segunda vuelta, el estudiante calific\u00f3 la afirmaci\u00f3n de \u201cbastante injuriosa\u201d e \u201cinapropiada\u201d, asegurando que \u201ca pesar de la expertise del profesor, le gan\u00f3 la ideolog\u00eda\u201d.<\/p>\n\n\n\n<p>Sobre el comentario de Gray que lo acusaba de una \u201csiniestra campa\u00f1a electoral\u201d, Y\u00e1\u00f1ez aclar\u00f3: \u201cDurante las 3 semanas de campa\u00f1a jam\u00e1s hice proselitismo con ning\u00fan candidato. Ni en un extremo, ni en otro, ni en el centro\u201d.<\/p>\n\n\n\n<p>En cuanto al car\u00e1cter jer\u00e1rquico que compete este conflicto, Borja afirm\u00f3: \u201cYo en la campa\u00f1a de la CONFECH de este a\u00f1o, recib\u00ed cerca de 13 testimonios de alumnos que le tienen miedo a sus profesores. O sea, problemas con profesores ideologizados. Y eso va desde que le ponen m\u00e1s notas a personas que piensan pol\u00edticamente como ellos, hasta que perjudican las notas de aquellas personas que no piensan como ellos, hasta, por ejemplo, el dar p\u00fablicamente comentarios en clase diciendo que la gente de derecha es inhumana, que no hay que votar como la derecha, llamando a votar por cierto candidato presidencial\u201d.<\/p>\n\n\n\n<p>El l\u00edder estudiantil agreg\u00f3 que el episodio con Gray no es particular, revelando un problema que, a su juicio, es amplio y latente: \u201cHay un s\u00edntoma oculto de profesores ideologizados que inciden en que los alumnos no pueden opinar\u201d. Con respecto a la misi\u00f3n formativa de la UC, cuestion\u00f3: \u201c\u00bfA qu\u00e9 universidad podemos postular si no hay universalidad de pensamiento? \u00bfY a qu\u00e9 b\u00fasqueda de la verdad podemos aspirar como cat\u00f3licos, si finalmente se restringe, se cancela o se omite?\u201d.<\/p>\n\n\n\n<p>Durante la discusi\u00f3n en la plataforma digital, el ex presidente de la FEUC, Tat\u00e1n Joublan, se pronunci\u00f3 en apoyo al estudiante. Si bien Y\u00e1\u00f1ez apreci\u00f3 el respaldo, tambi\u00e9n comunic\u00f3: \u201cMe hubiese gustado recibir apoyo en esta situaci\u00f3n de la presidenta electa de la FEUC o del Centro de Estudiantes de Derecho. \u00bfQu\u00e9 factor tienen en com\u00fan? Ambos son de izquierda. Mucha gente de izquierda me escribi\u00f3 y la cr\u00edtica hacia Gray fue bastante transversal. No obstante, no justifica que un alumno que es atacado p\u00fablicamente con injurias, no sea apoyado\u201d.<\/p>\n\n\n\n<p>Ante esta situaci\u00f3n, el MG optar\u00e1 por hacer un llamado a la pol\u00edtica estudiantil, para que exista una denuncia transversal hacia \u201ceste tipo de actitudes, sean de izquierda o de derecha\u201d.<\/p>\n\n\n\n<p>Finalmente, el estudiante aclar\u00f3 que no busca escalar el conflicto: \u201cMi problema no es con Gray, pero Gray pis\u00f3 el palito\u201d. Asegur\u00f3 haberlo perdonado y destac\u00f3 su actitud posterior, asegurando que \u201cno tengo nada en lo personal con \u00e9l, pero s\u00ed veo que hay un problema en cuanto a lo p\u00fablico\u201d.<\/p>\n\n\n\n<p>El PUCl\u00edtico se contact\u00f3 con el profesor Sebasti\u00e1n Gray, pero no se obtuvo respuesta.<br><\/p>\n","protected":false},"excerpt":{"rendered":"<p>Sebasti\u00e1n Gray, calific\u00f3 al representante gremialista de \u201cpobre fan\u00e1tico de pocas luces\u201d tras sus cr\u00edticas en X a la gesti\u00f3n de la exministra Jeannette Jara. Aunque el acad\u00e9mico se retract\u00f3, Y\u00e1\u00f1ez asegura que en la UC existe una \u201cideologizaci\u00f3n\u201d del profesorado. El 15 de noviembre se desat\u00f3 una controversia dentro de la comunidad UC, luego [&hellip;]<\/p>\n","protected":false},"author":1,"featured_media":4339,"comment_status":"open","ping_status":"open","sticky":false,"template":"","format":"standard","meta":{"_eb_attr":"","_gspb_post_css":"","om_disable_all_campaigns":false,"_monsterinsights_skip_tracking":false,"_monsterinsights_sitenote_active":false,"_monsterinsights_sitenote_note":"","_monsterinsights_sitenote_category":0,"footnotes":""},"categories":[14,17],"tags":[22],"class_list":["post-4338","post","type-post","status-publish","format-standard","has-post-thumbnail","hentry","category-actualidad","category-politicauniversitaria","tag-destacado"],"blocksy_meta":[],"aioseo_notices":[],"_links":{"self":[{"href":"https:\/\/elpuclitico.cl\/index.php\/wp-json\/wp\/v2\/posts\/4338","targetHints":{"allow":["GET"]}}],"collection":[{"href":"https:\/\/elpuclitico.cl\/index.php\/wp-json\/wp\/v2\/posts"}],"about":[{"href":"https:\/\/elpuclitico.cl\/index.php\/wp-json\/wp\/v2\/types\/post"}],"author":[{"embeddable":true,"href":"https:\/\/elpuclitico.cl\/index.php\/wp-json\/wp\/v2\/users\/1"}],"replies":[{"embeddable":true,"href":"https:\/\/elpuclitico.cl\/index.php\/wp-json\/wp\/v2\/comments?post=4338"}],"version-history":[{"count":1,"href":"https:\/\/elpuclitico.cl\/index.php\/wp-json\/wp\/v2\/posts\/4338\/revisions"}],"predecessor-version":[{"id":4340,"href":"https:\/\/elpuclitico.cl\/index.php\/wp-json\/wp\/v2\/posts\/4338\/revisions\/4340"}],"wp:featuredmedia":[{"embeddable":true,"href":"https:\/\/elpuclitico.cl\/index.php\/wp-json\/wp\/v2\/media\/4339"}],"wp:attachment":[{"href":"https:\/\/elpuclitico.cl\/index.php\/wp-json\/wp\/v2\/media?parent=4338"}],"wp:term":[{"taxonomy":"category","embeddable":true,"href":"https:\/\/elpuclitico.cl\/index.php\/wp-json\/wp\/v2\/categories?post=4338"},{"taxonomy":"post_tag","embeddable":true,"href":"https:\/\/elpuclitico.cl\/index.php\/wp-json\/wp\/v2\/tags?post=4338"}],"curies":[{"name":"wp","href":"https:\/\/api.w.org\/{rel}","templated":true}]}}