{"id":4341,"date":"2025-11-27T22:23:29","date_gmt":"2025-11-27T22:23:29","guid":{"rendered":"https:\/\/elpuclitico.cl\/?p=4341"},"modified":"2025-11-27T22:23:29","modified_gmt":"2025-11-27T22:23:29","slug":"javiera-leon-top-10-de-las-mejores-programadoras-de-latam-quiero-ser-una-inspiracion-para-mas-mujeres","status":"publish","type":"post","link":"https:\/\/elpuclitico.cl\/index.php\/2025\/11\/27\/javiera-leon-top-10-de-las-mejores-programadoras-de-latam-quiero-ser-una-inspiracion-para-mas-mujeres\/","title":{"rendered":"Javiera Le\u00f3n, top 10 de las mejores programadoras de Latam: \u201cQuiero ser una inspiraci\u00f3n para m\u00e1s mujeres\u201d"},"content":{"rendered":"\n<p><em>Seleccionada entre m\u00e1s de 4.700 postulantes, la estudiante de Ingenier\u00eda Civil UC avanz\u00f3 hasta la \u00faltima etapa de Codificadas, competencia exclusiva para mujeres. Le\u00f3n viajar\u00e1 a Bogot\u00e1 para disputar el t\u00edtulo a la mejor programadora de Latinoam\u00e9rica.<\/em><\/p>\n\n\n\n<p>Javiera Le\u00f3n, estudiante de tercer a\u00f1o de Ingenier\u00eda Civil en la Universidad Cat\u00f3lica, competir\u00e1 en la gran final de Codificadas, certamen de programaci\u00f3n competitiva exclusivo para mujeres que busca fomentar la participaci\u00f3n femenina en STEM. En esta primera versi\u00f3n, m\u00e1s de 4.700 mujeres de 16 pa\u00edses se inscribieron en el evento organizado por Tata Consultancy Services (TCS), pero solo 10 avanzaron a la etapa decisiva.<\/p>\n\n\n\n<p>A sus 21 a\u00f1os, Javiera forma parte de la selecci\u00f3n de programaci\u00f3n competitiva de la UC. Si bien desde peque\u00f1a se inclin\u00f3 por el \u00e1rea del STEM, fue en la universidad donde se interes\u00f3 por la programaci\u00f3n.&nbsp;<\/p>\n\n\n\n<p>Cuando entr\u00f3 a la selecci\u00f3n, vio a una compa\u00f1era presentando sobre esta \u00e1rea, lo cual llam\u00f3 la intenci\u00f3n y la incentiv\u00f3 a participar de algo similar. \u201cMe gustar\u00eda que una chica en el colegio me vea en las noticias y en base a eso se inspire para participar en la programaci\u00f3n competitiva\u201d, expres\u00f3 la estudiante.<\/p>\n\n\n\n<p>Seg\u00fan un informe presentado este a\u00f1o por el Ministerio de Educaci\u00f3n y el Ministerio de Ciencia, solo el 20.8% de la matr\u00edcula en carreras STEM corresponde a mujeres. Para las autoridades respectivas, esto implica un fen\u00f3meno de desigualdad multidimensional.&nbsp;<\/p>\n\n\n\n<p>Para Javiera, llegar a la final tiene un fuerte componente simb\u00f3lico: representar a Chile y tambi\u00e9n a quienes buscan abrirse espacio en un \u00e1mbito todav\u00eda dominado por hombres, donde \u201ca veces se nos tiende a mirar en menos\u201d.&nbsp;<\/p>\n\n\n\n<p>\u201cMe gustar\u00eda ser una inspiraci\u00f3n para m\u00e1s mujeres. Quiero ayudar a que deje de existir esta brecha, y que adem\u00e1s ellas se puedan motivar y no sentir miedo de participar en instancias as\u00ed\u201d, afirm\u00f3.<\/p>\n\n\n\n<p>Adem\u00e1s, Le\u00f3n valora que Codificadas sea un certamen exclusivo para mujeres: \u201cAl ser un espacio reservado para nosotras, las mujeres se sentir\u00e1n mucho m\u00e1s seguras al momento de entrar (&#8230;) Es bonito ver a otras mujeres en este \u00e1mbito\u201d.<\/p>\n\n\n\n<p>Javiera no esperaba llegar hasta la final. Cuenta que lo m\u00e1s dif\u00edcil fueron los inicios, donde la materia, de vez en cuando, pod\u00eda resultar un poco abrumadora. Para prepararse, ha revisado ejercicios similares a los de la competencia y profundizado en temas relacionados.&nbsp;<\/p>\n\n\n\n<p>\u201cDar\u00e9 lo mejor de mi. Conozco a alguna de las chicas que participan y todas son muy secas. Para mi, lo m\u00e1s importante es que sea una linda experiencia y poder mejorar como programadora. Todo lo que conlleva esta instancia es bien enriquecedor. Mis expectativas, m\u00e1s que ganar un premio, es disfrutar el momento\u201d, concluy\u00f3.<\/p>\n\n\n\n<p>La final tendr\u00e1 lugar en Bogot\u00e1 el lunes 1 de diciembre a las 8:30 AM (hora de Colombia), y la ceremonia de premiaci\u00f3n ser\u00e1 ese mismo d\u00eda a las 14:00 PM. Ambas instancias se transmitir\u00e1n en vivo a trav\u00e9s del canal de Youtube de TCS Codificadas. La competencia incluir\u00e1 distintos desaf\u00edos t\u00e9cnicos y tendr\u00e1 una duraci\u00f3n de hasta cuatro horas, cuyo puntaje definir\u00e1 a la ganadora.<\/p>\n\n\n\n<p>El evento cerrar\u00e1 con una ceremonia reunir\u00e1 a autoridades de universidades, representantes de gobierno y l\u00edderes globales de TCS. Las finalistas, adem\u00e1s, podr\u00e1n acceder a distintos premios, oportunidades laborales, pasant\u00edas y proyectos acad\u00e9micos en TCS, una de las compa\u00f1\u00edas m\u00e1s destacadas del sector tecnol\u00f3gico a nivel global.<\/p>\n","protected":false},"excerpt":{"rendered":"<p>Seleccionada entre m\u00e1s de 4.700 postulantes, la estudiante de Ingenier\u00eda Civil UC avanz\u00f3 hasta la \u00faltima etapa de Codificadas, competencia exclusiva para mujeres. Le\u00f3n viajar\u00e1 a Bogot\u00e1 para disputar el t\u00edtulo a la mejor programadora de Latinoam\u00e9rica. Javiera Le\u00f3n, estudiante de tercer a\u00f1o de Ingenier\u00eda Civil en la Universidad Cat\u00f3lica, competir\u00e1 en la gran final [&hellip;]<\/p>\n","protected":false},"author":1,"featured_media":4342,"comment_status":"open","ping_status":"open","sticky":false,"template":"","format":"standard","meta":{"_eb_attr":"","_gspb_post_css":"","om_disable_all_campaigns":false,"_monsterinsights_skip_tracking":false,"_monsterinsights_sitenote_active":false,"_monsterinsights_sitenote_note":"","_monsterinsights_sitenote_category":0,"footnotes":""},"categories":[14],"tags":[22],"class_list":["post-4341","post","type-post","status-publish","format-standard","has-post-thumbnail","hentry","category-actualidad","tag-destacado"],"blocksy_meta":[],"aioseo_notices":[],"_links":{"self":[{"href":"https:\/\/elpuclitico.cl\/index.php\/wp-json\/wp\/v2\/posts\/4341","targetHints":{"allow":["GET"]}}],"collection":[{"href":"https:\/\/elpuclitico.cl\/index.php\/wp-json\/wp\/v2\/posts"}],"about":[{"href":"https:\/\/elpuclitico.cl\/index.php\/wp-json\/wp\/v2\/types\/post"}],"author":[{"embeddable":true,"href":"https:\/\/elpuclitico.cl\/index.php\/wp-json\/wp\/v2\/users\/1"}],"replies":[{"embeddable":true,"href":"https:\/\/elpuclitico.cl\/index.php\/wp-json\/wp\/v2\/comments?post=4341"}],"version-history":[{"count":1,"href":"https:\/\/elpuclitico.cl\/index.php\/wp-json\/wp\/v2\/posts\/4341\/revisions"}],"predecessor-version":[{"id":4343,"href":"https:\/\/elpuclitico.cl\/index.php\/wp-json\/wp\/v2\/posts\/4341\/revisions\/4343"}],"wp:featuredmedia":[{"embeddable":true,"href":"https:\/\/elpuclitico.cl\/index.php\/wp-json\/wp\/v2\/media\/4342"}],"wp:attachment":[{"href":"https:\/\/elpuclitico.cl\/index.php\/wp-json\/wp\/v2\/media?parent=4341"}],"wp:term":[{"taxonomy":"category","embeddable":true,"href":"https:\/\/elpuclitico.cl\/index.php\/wp-json\/wp\/v2\/categories?post=4341"},{"taxonomy":"post_tag","embeddable":true,"href":"https:\/\/elpuclitico.cl\/index.php\/wp-json\/wp\/v2\/tags?post=4341"}],"curies":[{"name":"wp","href":"https:\/\/api.w.org\/{rel}","templated":true}]}}