{"id":4344,"date":"2025-11-29T00:16:58","date_gmt":"2025-11-29T00:16:58","guid":{"rendered":"https:\/\/elpuclitico.cl\/?p=4344"},"modified":"2025-11-29T00:16:59","modified_gmt":"2025-11-29T00:16:59","slug":"derecho-uc-inaugura-primera-sala-con-nombre-de-una-mujer","status":"publish","type":"post","link":"https:\/\/elpuclitico.cl\/index.php\/2025\/11\/29\/derecho-uc-inaugura-primera-sala-con-nombre-de-una-mujer\/","title":{"rendered":"Derecho UC inaugura primera sala con nombre de una mujer\u00a0"},"content":{"rendered":"\n<p><em>El homenaje reconoce la trayectoria acad\u00e9mica y el legado de liderazgo de Mar\u00eda Cristina Navajas, exdecana y figura clave en la historia de la facultad, cuya memoria fue celebrada por su familia, autoridades y estudiantes.\u00a0\u00a0<\/em><\/p>\n\n\n\n<p>Familiares, amigos y profesores fueron part\u00edcipes el pasado 20 de noviembre del renombramiento de la <em>Sala Juicio Oral<\/em>, que pas\u00f3 a llamarse <em>Sala Juicio Oral Mar\u00eda Cristina Navajas<\/em>, en honor a quien fue decana de la Facultad de Derecho UC durante los a\u00f1os 2000 y 2003, siendo la \u00fanica mujer que ha dirigido el departamento en la historia de la Universidad Cat\u00f3lica.&nbsp;&nbsp;<\/p>\n\n\n\n<p>Mar\u00eda Cristina Navajas estudi\u00f3 Derecho en la Pontificia Universidad Cat\u00f3lica de Chile, donde se licenci\u00f3 como abogada el a\u00f1o 1969. Se desarroll\u00f3 como abogada integrante de la Ilustr\u00edsima Corte de Apelaciones de Santiago durante los a\u00f1os 1998 y 2002. Al mismo tiempo, fue decana de la Facultad de Derecho durante los a\u00f1os 2000 hasta el 2003. La decana falleci\u00f3 el 2 de abril de 2003, en Santiago.&nbsp;&nbsp;<\/p>\n\n\n\n<p>La ceremonia fue encabezada por el decano de la facultad, Gabriel Bocksang, la vicedecana, Teresita Tagle Quiroz, y el vice gran Canciller de la UC, Padre Osvaldo Fern\u00e1ndez de Castro. Adem\u00e1s, cont\u00f3 con la participaci\u00f3n de los hijos de la exdecana, Consuelo Villalabeit\u00eda Navajas e Ignacio Villalabeit\u00eda Navajas.&nbsp;&nbsp;<\/p>\n\n\n\n<p>Por su parte, Consuelo cree que su madre \u201cdebe ser un motor que inspire a que existan liderazgos femeninos desde la femineidad: desde ser amorosa, dulce, inteligente y, en el fondo, poder ocupar espacios interesantes en la academia y distintos \u00e1mbitos de la vida, donde las mujeres pueden aportar mucho sin perder nuestros rasgos como mujeres\u201d. Adem\u00e1s, agradece a la facultad por darle un reconocimiento a su madre luego de haber dedicado toda su vida al derecho.&nbsp;&nbsp;<\/p>\n\n\n\n<p>El decano actual, Gabriel Bocksang Hola, declar\u00f3 que es una instancia inolvidable, tanto para la familia Navajas como para la facultad de derecho, y que le permite mantener viva la memoria de Mar\u00eda Cristina Navajas, quien entreg\u00f3 su vida a la facultad, a la universidad y a la iglesia.&nbsp;<\/p>\n\n\n\n<p>Finalmente, la precursora de esta iniciativa, Trinidad Acevedo, consejera territorial de Derecho durante el 2023, manifiesta sentir mucha alegr\u00eda al ver que una de sus propuestas junto a la Vocal\u00eda de Feminismo del Centro de Alumnos de Derecho, lograra salir adelante y permitiera que el departamento tenga la primera sala con el nombre de una mujer en conmemoraci\u00f3n de quien fue la primera y \u00fanica decana \u2013hasta el momento\u2013 de la Facultad de Derecho de la Universidad Cat\u00f3lica.&nbsp;<\/p>\n","protected":false},"excerpt":{"rendered":"<p>El homenaje reconoce la trayectoria acad\u00e9mica y el legado de liderazgo de Mar\u00eda Cristina Navajas, exdecana y figura clave en la historia de la facultad, cuya memoria fue celebrada por su familia, autoridades y estudiantes.\u00a0\u00a0 Familiares, amigos y profesores fueron part\u00edcipes el pasado 20 de noviembre del renombramiento de la Sala Juicio Oral, que pas\u00f3 [&hellip;]<\/p>\n","protected":false},"author":1,"featured_media":4345,"comment_status":"open","ping_status":"open","sticky":false,"template":"","format":"standard","meta":{"_eb_attr":"","_gspb_post_css":"","om_disable_all_campaigns":false,"_monsterinsights_skip_tracking":false,"_monsterinsights_sitenote_active":false,"_monsterinsights_sitenote_note":"","_monsterinsights_sitenote_category":0,"footnotes":""},"categories":[14],"tags":[22],"class_list":["post-4344","post","type-post","status-publish","format-standard","has-post-thumbnail","hentry","category-actualidad","tag-destacado"],"blocksy_meta":[],"aioseo_notices":[],"_links":{"self":[{"href":"https:\/\/elpuclitico.cl\/index.php\/wp-json\/wp\/v2\/posts\/4344","targetHints":{"allow":["GET"]}}],"collection":[{"href":"https:\/\/elpuclitico.cl\/index.php\/wp-json\/wp\/v2\/posts"}],"about":[{"href":"https:\/\/elpuclitico.cl\/index.php\/wp-json\/wp\/v2\/types\/post"}],"author":[{"embeddable":true,"href":"https:\/\/elpuclitico.cl\/index.php\/wp-json\/wp\/v2\/users\/1"}],"replies":[{"embeddable":true,"href":"https:\/\/elpuclitico.cl\/index.php\/wp-json\/wp\/v2\/comments?post=4344"}],"version-history":[{"count":1,"href":"https:\/\/elpuclitico.cl\/index.php\/wp-json\/wp\/v2\/posts\/4344\/revisions"}],"predecessor-version":[{"id":4346,"href":"https:\/\/elpuclitico.cl\/index.php\/wp-json\/wp\/v2\/posts\/4344\/revisions\/4346"}],"wp:featuredmedia":[{"embeddable":true,"href":"https:\/\/elpuclitico.cl\/index.php\/wp-json\/wp\/v2\/media\/4345"}],"wp:attachment":[{"href":"https:\/\/elpuclitico.cl\/index.php\/wp-json\/wp\/v2\/media?parent=4344"}],"wp:term":[{"taxonomy":"category","embeddable":true,"href":"https:\/\/elpuclitico.cl\/index.php\/wp-json\/wp\/v2\/categories?post=4344"},{"taxonomy":"post_tag","embeddable":true,"href":"https:\/\/elpuclitico.cl\/index.php\/wp-json\/wp\/v2\/tags?post=4344"}],"curies":[{"name":"wp","href":"https:\/\/api.w.org\/{rel}","templated":true}]}}