{"id":4587,"date":"2026-01-08T18:06:26","date_gmt":"2026-01-08T18:06:26","guid":{"rendered":"https:\/\/elpuclitico.cl\/?p=4587"},"modified":"2026-01-08T18:06:32","modified_gmt":"2026-01-08T18:06:32","slug":"arancel-de-excelencia-soluciones-precarias","status":"publish","type":"post","link":"https:\/\/elpuclitico.cl\/index.php\/2026\/01\/08\/arancel-de-excelencia-soluciones-precarias\/","title":{"rendered":"Arancel de excelencia, soluciones precarias"},"content":{"rendered":"\n<p>Estimada directora: Me dirijo a usted para manifestar mi enojo, malestar y preocupaci\u00f3n frente a una situaci\u00f3n que se repite a\u00f1o tras a\u00f1o y que afecta directamente a los alumnos de Ingenier\u00eda: la falta de cupos en ramos clave de la malla curricular.<\/p>\n\n\n\n<p>En cursos como Finanzas, Marketing y Gesti\u00f3n de Operaciones, los cupos se agotan r\u00e1pidamente en casi todas las secciones, quedando disponibles solo algunas alternativas con horarios que te desordenan por completo la carga acad\u00e9mica del semestre. Esta situaci\u00f3n es especialmente grave considerando que estos ramos son requisito para poder cursar Evaluaci\u00f3n de Proyectos, el \u00faltimo ramo de la carrera, lo que puede que termine retrasando innecesariamente tu avance acad\u00e9mico.<\/p>\n\n\n\n<p>Esta problem\u00e1tica no es nueva. Sin embargo, las \u201csoluciones\u201d que te ofrecen a\u00f1o tras a\u00f1o no son m\u00e1s que suced\u00e1neos que obligan a los estudiantes a reordenar su plan acad\u00e9mico.<\/p>\n\n\n\n<p>tomar ramos no planificados y desequilibrar su carga semestral. Todo esto tiene efectos directos y graves en nuestra salud mental y equilibrio acad\u00e9mico, afectando tanto el rendimiento como el bienestar de quienes vivimos esta situaci\u00f3n.<\/p>\n\n\n\n<p>Como estudiantes, sentimos que esta realidad nos pasa a llevar de manera sistem\u00e1tica. Hoy el arancel anual es de $9.500.000 y no se nos entregan soluciones de largo plazo que no se paguen con nuestra salud mental y nuestro equilibrio acad\u00e9mico.<\/p>\n\n\n\n<p>Hago un llamado a que esta situaci\u00f3n sea abordada con la seriedad que merece y a que se generen soluciones estructurales que eviten que este problema contin\u00fae normaliz\u00e1ndose. Asimismo, insto a mis compa\u00f1eros que atraviesan esta misma situaci\u00f3n a no ser indiferentes ni a subyugarse frente a estas \u201csoluciones\u201d que nos perjudican, y a utilizar todos los conductos regulares y espacios de discusi\u00f3n necesarios para que esta situaci\u00f3n deje de ser costumbre.<\/p>\n\n\n\n<p><em>Andr\u00e9s Ferrer<\/em><\/p>\n\n\n\n<p><em>Estudiante de quinto a\u00f1o de<\/em><em> <\/em><em>Ingenier\u00eda<\/em><\/p>\n","protected":false},"excerpt":{"rendered":"<p>Estimada directora: Me dirijo a usted para manifestar mi enojo, malestar y preocupaci\u00f3n frente a una situaci\u00f3n que se repite a\u00f1o tras a\u00f1o y que afecta directamente a los alumnos de Ingenier\u00eda: la falta de cupos en ramos clave de la malla curricular. En cursos como Finanzas, Marketing y Gesti\u00f3n de Operaciones, los cupos se [&hellip;]<\/p>\n","protected":false},"author":1,"featured_media":0,"comment_status":"open","ping_status":"open","sticky":false,"template":"","format":"standard","meta":{"_eb_attr":"","_gspb_post_css":"","om_disable_all_campaigns":false,"_monsterinsights_skip_tracking":false,"_monsterinsights_sitenote_active":false,"_monsterinsights_sitenote_note":"","_monsterinsights_sitenote_category":0,"footnotes":""},"categories":[13,21],"tags":[],"class_list":["post-4587","post","type-post","status-publish","format-standard","hentry","category-carta-a-la-directora","category-opinion"],"blocksy_meta":[],"aioseo_notices":[],"_links":{"self":[{"href":"https:\/\/elpuclitico.cl\/index.php\/wp-json\/wp\/v2\/posts\/4587","targetHints":{"allow":["GET"]}}],"collection":[{"href":"https:\/\/elpuclitico.cl\/index.php\/wp-json\/wp\/v2\/posts"}],"about":[{"href":"https:\/\/elpuclitico.cl\/index.php\/wp-json\/wp\/v2\/types\/post"}],"author":[{"embeddable":true,"href":"https:\/\/elpuclitico.cl\/index.php\/wp-json\/wp\/v2\/users\/1"}],"replies":[{"embeddable":true,"href":"https:\/\/elpuclitico.cl\/index.php\/wp-json\/wp\/v2\/comments?post=4587"}],"version-history":[{"count":1,"href":"https:\/\/elpuclitico.cl\/index.php\/wp-json\/wp\/v2\/posts\/4587\/revisions"}],"predecessor-version":[{"id":4588,"href":"https:\/\/elpuclitico.cl\/index.php\/wp-json\/wp\/v2\/posts\/4587\/revisions\/4588"}],"wp:attachment":[{"href":"https:\/\/elpuclitico.cl\/index.php\/wp-json\/wp\/v2\/media?parent=4587"}],"wp:term":[{"taxonomy":"category","embeddable":true,"href":"https:\/\/elpuclitico.cl\/index.php\/wp-json\/wp\/v2\/categories?post=4587"},{"taxonomy":"post_tag","embeddable":true,"href":"https:\/\/elpuclitico.cl\/index.php\/wp-json\/wp\/v2\/tags?post=4587"}],"curies":[{"name":"wp","href":"https:\/\/api.w.org\/{rel}","templated":true}]}}