{"id":4640,"date":"2026-01-17T22:08:11","date_gmt":"2026-01-17T22:08:11","guid":{"rendered":"https:\/\/elpuclitico.cl\/?p=4640"},"modified":"2026-01-17T22:08:17","modified_gmt":"2026-01-17T22:08:17","slug":"pagamos-mas-recibimos-menos","status":"publish","type":"post","link":"https:\/\/elpuclitico.cl\/index.php\/2026\/01\/17\/pagamos-mas-recibimos-menos\/","title":{"rendered":"Pagamos m\u00e1s, recibimos menos"},"content":{"rendered":"\n<p>Estimada directora: El aumento del arancel de Ingenier\u00eda Comercial, que hoy alcanza los $9.540.000 anuales, no parece reflejarse en una mejora proporcional de la experiencia acad\u00e9mica. Por el contrario, cada semestre se vuelve m\u00e1s dif\u00edcil acceder a los ramos necesarios para avanzar en la malla, obligando a los estudiantes a depender de reajustes, cupos liberados u horarios poco compatibles con una carga acad\u00e9mica razonable.<\/p>\n\n\n\n<p>Esta dificultad a la hora de tomar ramos tambi\u00e9n se extiende a los optativos de formaci\u00f3n general, y se suma a la percepci\u00f3n de que \u00e1reas relevantes como la seguridad en el campus no han mostrado mejoras sostenidas.<\/p>\n\n\n\n<p>Invertir m\u00e1s en educaci\u00f3n deber\u00eda traducirse en mejores condiciones para estudiar y progresar acad\u00e9micamente. Sin embargo, es cuestionable si el aumento del arancel est\u00e1 teniendo un impacto real en la calidad del servicio educativo que recibimos.<\/p>\n\n\n\n<p><em>Florencia Inglesi<\/em><\/p>\n\n\n\n<p><em>Estudiante de Ingenier\u00eda Comercial<\/em><\/p>\n\n\n\n<p><\/p>\n","protected":false},"excerpt":{"rendered":"<p>Estimada directora: El aumento del arancel de Ingenier\u00eda Comercial, que hoy alcanza los $9.540.000 anuales, no parece reflejarse en una mejora proporcional de la experiencia acad\u00e9mica. Por el contrario, cada semestre se vuelve m\u00e1s dif\u00edcil acceder a los ramos necesarios para avanzar en la malla, obligando a los estudiantes a depender de reajustes, cupos liberados [&hellip;]<\/p>\n","protected":false},"author":1,"featured_media":0,"comment_status":"open","ping_status":"open","sticky":false,"template":"","format":"standard","meta":{"_eb_attr":"","_gspb_post_css":"","om_disable_all_campaigns":false,"_monsterinsights_skip_tracking":false,"_monsterinsights_sitenote_active":false,"_monsterinsights_sitenote_note":"","_monsterinsights_sitenote_category":0,"footnotes":""},"categories":[13,21],"tags":[],"class_list":["post-4640","post","type-post","status-publish","format-standard","hentry","category-carta-a-la-directora","category-opinion"],"blocksy_meta":[],"aioseo_notices":[],"_links":{"self":[{"href":"https:\/\/elpuclitico.cl\/index.php\/wp-json\/wp\/v2\/posts\/4640","targetHints":{"allow":["GET"]}}],"collection":[{"href":"https:\/\/elpuclitico.cl\/index.php\/wp-json\/wp\/v2\/posts"}],"about":[{"href":"https:\/\/elpuclitico.cl\/index.php\/wp-json\/wp\/v2\/types\/post"}],"author":[{"embeddable":true,"href":"https:\/\/elpuclitico.cl\/index.php\/wp-json\/wp\/v2\/users\/1"}],"replies":[{"embeddable":true,"href":"https:\/\/elpuclitico.cl\/index.php\/wp-json\/wp\/v2\/comments?post=4640"}],"version-history":[{"count":2,"href":"https:\/\/elpuclitico.cl\/index.php\/wp-json\/wp\/v2\/posts\/4640\/revisions"}],"predecessor-version":[{"id":4642,"href":"https:\/\/elpuclitico.cl\/index.php\/wp-json\/wp\/v2\/posts\/4640\/revisions\/4642"}],"wp:attachment":[{"href":"https:\/\/elpuclitico.cl\/index.php\/wp-json\/wp\/v2\/media?parent=4640"}],"wp:term":[{"taxonomy":"category","embeddable":true,"href":"https:\/\/elpuclitico.cl\/index.php\/wp-json\/wp\/v2\/categories?post=4640"},{"taxonomy":"post_tag","embeddable":true,"href":"https:\/\/elpuclitico.cl\/index.php\/wp-json\/wp\/v2\/tags?post=4640"}],"curies":[{"name":"wp","href":"https:\/\/api.w.org\/{rel}","templated":true}]}}