{"id":4646,"date":"2026-01-19T00:21:39","date_gmt":"2026-01-19T00:21:39","guid":{"rendered":"https:\/\/elpuclitico.cl\/?p=4646"},"modified":"2026-01-19T00:21:44","modified_gmt":"2026-01-19T00:21:44","slug":"venezuela-entre-el-fin-de-un-dictador-y-el-peso-de-la-incertidumbre","status":"publish","type":"post","link":"https:\/\/elpuclitico.cl\/index.php\/2026\/01\/19\/venezuela-entre-el-fin-de-un-dictador-y-el-peso-de-la-incertidumbre\/","title":{"rendered":"Venezuela: entre el fin de un dictador y el peso de la incertidumbre"},"content":{"rendered":"\n<p>El pasado s\u00e1bado 3 de enero de 2026, el mundo conoci\u00f3 la noticia de la detenci\u00f3n de Nicol\u00e1s Maduro. Para muchos analistas internacionales y usuarios de redes sociales, m\u00e1s all\u00e1 de las diferencias ideol\u00f3gicas, esto representa un evento hist\u00f3rico. Sin embargo, al caminar por las calles de Buin y conversar con la comunidad venezolana que reside aqu\u00ed, la narrativa es sumamente distinta. Si bien en un inicio hubo fuegos artificiales y celebraciones euf\u00f3ricas, lo que predomina hoy es un silencio espeso, cargado de miedo e incertidumbre. Es f\u00e1cil opinar desde la comodidad de un pa\u00eds con una de las democracias m\u00e1s fuertes del mundo, capaz de remover a un dictador a trav\u00e9s del voto. Al hacerlo, olvidamos que vivimos en un privilegio. Por lo mismo, debemos escuchar la voz del venezolano promedio, aquel que tiene a su madre, a sus hijos o a sus hermanos all\u00e1. Es vital comprender que la ca\u00edda de una figura no significa, necesariamente, el fin de un sistema que los ha atormentado por a\u00f1os.<\/p>\n\n\n\n<p>El relato de quienes tienen familia en Venezuela es desgarrador. No existe la libertad de expresi\u00f3n y la tensi\u00f3n se respira en el aire, pues salir implica enfrentarse a militares armados: \u00abTe devuelven a casa a punta de arma\u00bb, relatan. Mientras el mundo celebra y\/o condena este proceso hist\u00f3rico, los venezolanos enfrentan filas interminables en supermercados, cortes de luz prolongados y un aislamiento comunicativo que los deja a la deriva; realidades que arrastran desde hace a\u00f1os. Se ha ido el dictador, s\u00ed, pero las mentes maestras detr\u00e1s de la dictadura siguen libres, y el pueblo lo sabe.<\/p>\n\n\n\n<p>Lo m\u00e1s preocupante en estos d\u00edas no es solo la crisis estructural, sino la falta de empat\u00eda global. Resulta indignante ver comentarios de burla o desprecio hacia el pueblo venezolano, y lo es a\u00fan m\u00e1s cuando ves a ciudadanos de otros pa\u00edses intentar explicarles su propia historia, como si no la hubieran vivido en carne propia.<\/p>\n\n\n\n<p>No son \u00abimb\u00e9ciles\u00bb ni \u00abdesagradecidos\u00bb frente al intervencionismo extranjero, son una comunidad que ha sufrido detenciones injustificadas de menores, el colapso total del sistema de salud y el exilio forzado, entre otras atrocidades. El venezolano es plenamente consciente de su realidad: celebra la derrota de Maduro, pero mira con recelo cualquier intervenci\u00f3n que no garantice una paz real. Invito a quienes siguen este proceso a opinar desde el respeto absoluto. Antes de lanzar una cr\u00edtica cargada de superioridad moral o intelectual, recordemos que hoy hay familias con un miedo real a la reacci\u00f3n del r\u00e9gimen remanente o al actuar de la nueva presidencia. Venezuela se encuentra en un atisbo de esperanza, pero tambi\u00e9n en un momento de vulnerabilidad extrema. Como hermanos latinoamericanos, lo m\u00ednimo que debemos ofrecer no es una lecci\u00f3n de historia que no vivimos, sino una escucha atenta y una solidaridad que no se fracture ante la primera diferencia pol\u00edtica. Porque, al final del d\u00eda, los venezolanos no son cifras en una noticia; son personas que solo anhelan, por primera vez en d\u00e9cadas, dejar de tener miedo.<\/p>\n\n\n\n<p><em>Sofia Rodriguez<\/em><\/p>\n\n\n\n<p><em>Ingenier\u00eda Comercial<\/em><\/p>\n\n\n\n<p><\/p>\n\n\n\n<p><\/p>\n","protected":false},"excerpt":{"rendered":"<p>El pasado s\u00e1bado 3 de enero de 2026, el mundo conoci\u00f3 la noticia de la detenci\u00f3n de Nicol\u00e1s Maduro. Para muchos analistas internacionales y usuarios de redes sociales, m\u00e1s all\u00e1 de las diferencias ideol\u00f3gicas, esto representa un evento hist\u00f3rico. Sin embargo, al caminar por las calles de Buin y conversar con la comunidad venezolana que [&hellip;]<\/p>\n","protected":false},"author":1,"featured_media":0,"comment_status":"open","ping_status":"open","sticky":false,"template":"","format":"standard","meta":{"_eb_attr":"","_gspb_post_css":"","om_disable_all_campaigns":false,"_monsterinsights_skip_tracking":false,"_monsterinsights_sitenote_active":false,"_monsterinsights_sitenote_note":"","_monsterinsights_sitenote_category":0,"footnotes":""},"categories":[12,21],"tags":[],"class_list":["post-4646","post","type-post","status-publish","format-standard","hentry","category-columnas-de-opinion","category-opinion"],"blocksy_meta":[],"aioseo_notices":[],"_links":{"self":[{"href":"https:\/\/elpuclitico.cl\/index.php\/wp-json\/wp\/v2\/posts\/4646","targetHints":{"allow":["GET"]}}],"collection":[{"href":"https:\/\/elpuclitico.cl\/index.php\/wp-json\/wp\/v2\/posts"}],"about":[{"href":"https:\/\/elpuclitico.cl\/index.php\/wp-json\/wp\/v2\/types\/post"}],"author":[{"embeddable":true,"href":"https:\/\/elpuclitico.cl\/index.php\/wp-json\/wp\/v2\/users\/1"}],"replies":[{"embeddable":true,"href":"https:\/\/elpuclitico.cl\/index.php\/wp-json\/wp\/v2\/comments?post=4646"}],"version-history":[{"count":1,"href":"https:\/\/elpuclitico.cl\/index.php\/wp-json\/wp\/v2\/posts\/4646\/revisions"}],"predecessor-version":[{"id":4647,"href":"https:\/\/elpuclitico.cl\/index.php\/wp-json\/wp\/v2\/posts\/4646\/revisions\/4647"}],"wp:attachment":[{"href":"https:\/\/elpuclitico.cl\/index.php\/wp-json\/wp\/v2\/media?parent=4646"}],"wp:term":[{"taxonomy":"category","embeddable":true,"href":"https:\/\/elpuclitico.cl\/index.php\/wp-json\/wp\/v2\/categories?post=4646"},{"taxonomy":"post_tag","embeddable":true,"href":"https:\/\/elpuclitico.cl\/index.php\/wp-json\/wp\/v2\/tags?post=4646"}],"curies":[{"name":"wp","href":"https:\/\/api.w.org\/{rel}","templated":true}]}}