{"id":4676,"date":"2026-01-25T18:31:22","date_gmt":"2026-01-25T18:31:22","guid":{"rendered":"https:\/\/elpuclitico.cl\/?p=4676"},"modified":"2026-02-25T03:42:14","modified_gmt":"2026-02-25T03:42:14","slug":"se-aprueba-presupuesto-feuc-2026-entre-criticas-por-reduccion-de-recursos-para-becas","status":"publish","type":"post","link":"https:\/\/elpuclitico.cl\/index.php\/2026\/01\/25\/se-aprueba-presupuesto-feuc-2026-entre-criticas-por-reduccion-de-recursos-para-becas\/","title":{"rendered":"Se aprueba presupuesto FEUC 2026 entre cr\u00edticas por reducci\u00f3n de recursos para becas"},"content":{"rendered":"\n<p><em>La propuesta, aprobada en el Consejo Ejecutivo con el 58.5% de los votos, fue duramente criticada por el Movimiento Gremial, Avanzar y Solidaridad, mientras que Amencer respald\u00f3 la moci\u00f3n presentada por la Directiva FEUC.<\/em><\/p>\n\n\n\n<p>Durante la jornada de este s\u00e1bado, el Consejo Ejecutivo, instancia donde se re\u00fanen los consejeros territoriales de las distintas carreras de la Universidad Cat\u00f3lica, aprob\u00f3 la moci\u00f3n presupuestaria de la FEUC para 2026. La propuesta obtuvo 24 votos a favor y 16 en contra, alcanzando un 58.5% de aprobaci\u00f3n.&nbsp;<\/p>\n\n\n\n<p>El presupuesto total de la FEUC alcanza los $211.491.966 y se financia con recursos otorgados&nbsp; por la Universidad. Seg\u00fan se expuso en la sesi\u00f3n, la Directiva FEUC de la Nueva Acci\u00f3n Universitaria elabor\u00f3 la propuesta en base a los montos asignados en 2025, debido a un retraso en la entrega de informaci\u00f3n presupuestaria por parte de la UC.&nbsp;<\/p>\n\n\n\n<p>Aun as\u00ed, la planificaci\u00f3n consider\u00f3 un recorte transversal del 5% en las distintas \u00e1reas de la Universidad, lo que implicar\u00eda una disminuci\u00f3n de m\u00e1s de $10 millones respecto de escenarios anteriores y afectar\u00eda la viabilidad de ciertos proyectos.&nbsp;<\/p>\n\n\n\n<p><strong>Distribuci\u00f3n general de recursos<\/strong><\/p>\n\n\n\n<p>El presupuesto FEUC se distribuye en distintos proyectos y cuentas. Algunos de estos montos son fijos, es decir, no pueden ser modificados ni redistribuidos por la Directiva FEUC. Mientras tanto, existen otras \u00e1reas con libre disposici\u00f3n de manejo de recursos.<\/p>\n\n\n\n<p>Entre las asignaciones fijas, se contempla un total de $16.331.998 para los Centros de Estudiantes, cuya repartici\u00f3n espec\u00edfica por carrera ser\u00e1 definida en un futuro. Por su lado, los Fondos Concursables recibir\u00e1n el mismo monto. Adem\u00e1s, se asignaron $13.198.006 a Actividades de Experiencia Estudiantil, $63.433.861 a Becas FEUC y $2.059.961 a la Consejer\u00eda Superior.<\/p>\n\n\n\n<p><strong>\u00c1reas con libre disposici\u00f3n de recursos<\/strong><\/p>\n\n\n\n<p>Existen tres \u00e1reas cuyos montos pueden ser modificados y redistribuidos seg\u00fan las definiciones de los representantes estudiantiles.&nbsp;&nbsp;<\/p>\n\n\n\n<p>La primera corresponde a \u201cActividades y Gastos Generales\u201d, con un presupuesto de $6.319.806. Este monto aporta dineros a la CONFECh, gastos de oficina, gastos generales y la elaboraci\u00f3n de un manual de marca.&nbsp;<\/p>\n\n\n\n<p>En segundo lugar se encuentra \u201cActividades, Bienvenidas y Celebraciones\u201d. Con un total de $50.838.578, esta \u00e1rea incluye la Bienvenida y Semana Novata, que concentran $36.839.578, adem\u00e1s de la Semana Universitaria y las Elecciones FEUC.&nbsp;<\/p>\n\n\n\n<p>Por \u00faltimo, \u201cActividades Sociales, Deportivas, Culturales y otras\u201d cuenta con un monto de $42.976.758, destinado a contingencias y emergencias, asesor\u00eda comunicacional, vocal\u00edas, presupuestos participativos y actividades generales.&nbsp;<\/p>\n\n\n\n<p>Desde las \u00e1reas de libre disposici\u00f3n, la Directiva FEUC decidi\u00f3 traspasar $6.000.000 adicionales a la Consejer\u00eda Superior, pues se\u00f1alaron que el monto asignado por la universidad ($2.059.961) no ser\u00eda suficiente para cubrir las actividades del organismo. De esta forma, la consejer\u00eda contar\u00e1 con un presupuesto total de $8.059.961.<\/p>\n\n\n\n<p><strong>Vocal\u00edas se duplican y operar\u00e1n con un fondo com\u00fan<\/strong><\/p>\n\n\n\n<p>El presupuesto destinado a las vocal\u00edas ser\u00e1 de $12.000.000, y se estableci\u00f3 la creaci\u00f3n de un fondo com\u00fan para ellas que tendr\u00e1 destinado un monto de $5.000.000, equivalente al 42% del presupuesto de esta \u00e1rea. Durante el consejo, Juan Ag\u00fcero, primer vicepresidente de la FEUC, explic\u00f3 que el objetivo de este fondo es ser una herramienta para el desarrollo de actividades imprevistas y que requieran de un presupuesto que no fue considerado inicialmente.&nbsp;<\/p>\n\n\n\n<p>A su vez, se defini\u00f3 la existencia de nuevas vocal\u00edas, pasando de cinco en 2025 a diez en 2026. Estas son: Arte y Cultura, Bienestar, Deportes, Disidencias, Feminismo, Memoria y Derechos Humanos, Rol P\u00fablico, Sustentabilidad, Trabajadores y Vida Universitaria.<\/p>\n\n\n\n<p><strong>Recorte a Becas FEUC concentra cr\u00edticas en la derecha universitaria UC<\/strong><\/p>\n\n\n\n<p>En 2025, la Directiva FEUC de Solidaridad decidi\u00f3 sumar 4 millones de pesos al presupuesto de las Becas FEUC, alcanzando un monto aproximado de $72.203.862. Para 2026, desde las secciones de libre disposici\u00f3n, se acord\u00f3 un traspaso de $1.700.000, lo cual fue considerado por la directiva como \u201cuna priorizaci\u00f3n responsable dentro de un contexto presupuestario complejo\u201d.&nbsp;<\/p>\n\n\n\n<p>De esta forma, el monto definido para esta \u00e1rea ser\u00e1 de $65.133.861, lo que implica un recorte de $7.070.000 respecto al a\u00f1o anterior.<\/p>\n\n\n\n<p>La reducci\u00f3n en becas, junto con la destinaci\u00f3n de recursos para la elaboraci\u00f3n de un manual de marca ($600.000) y asesor\u00eda comunicacional ($3.000.000), fue duramente criticada por el Movimiento Gremial, Avanzar y Solidaridad. Por su parte, Amanecer respald\u00f3 la propuesta de la directiva. Cabe recordar que en 2025 la federaci\u00f3n de Solidaridad redujo a $0 el presupuesto en redes sociales, bajo la consigna de que se enfocar\u00edan en otras demandas del estudiantado.&nbsp;<\/p>\n\n\n\n<p>Nicol\u00e1s Pozo, vicepresidente externo del Movimiento Gremial, sostuvo que desde la federaci\u00f3n \u201cquedaron al debe\u201d con el ajuste realizado a las becas y con el aumento de recursos destinados a redes sociales y asesor\u00edas comunicacionales. Adem\u00e1s, cuestion\u00f3 la creaci\u00f3n del fondo com\u00fan para vocal\u00edas: \u201cSe desnaturaliza la funci\u00f3n de un presupuesto, que es detallar y especificar cada uno de los gastos que se realicen a partir del a\u00f1o\u201d.&nbsp;<\/p>\n\n\n\n<p>Por su parte, en una publicaci\u00f3n de Instagram, Avanzar calific\u00f3 de \u201cins\u00f3lita\u201d la aprobaci\u00f3n del presupuesto por parte de la NAU y Amanecer. Si bien valoraron el aumento del presupuesto para vocal\u00edas, criticaron que las becas no sean consideradas un eje central del programa federativo.&nbsp; \u201cPara muchos, una beca significa poder seguir estudiando, y con la educaci\u00f3n de nuestros compa\u00f1eros no se juega\u201d, expresaron.<\/p>\n\n\n\n<p>Juan Le\u00f3n, consejero territorial de Ingenier\u00eda por Solidaridad, tambi\u00e9n cuestion\u00f3 el ajuste presupuestario. \u201cEl a\u00f1o pasado se hizo un importante esfuerzo en que se subieran las becas (&#8230;)\u201d, se\u00f1al\u00f3, definiendo esta \u00e1rea como una de las ayudas m\u00e1s directas para los estudiantes. Asimismo, manifest\u00f3 su preocupaci\u00f3n por los 5 millones de pesos destinados al fondo com\u00fan para vocal\u00edas, afirmando que la falta de claridad en su uso afectar\u00eda el sentido del presupuesto.<\/p>\n\n\n\n<p>Por su lado, Amanecer se\u00f1al\u00f3 que la comparaci\u00f3n con la FEUC de Solidaridad debe considerar que esa administraci\u00f3n redujo significativamente recursos en \u00e1reas como vocal\u00edas, afectando espacios clave de la representaci\u00f3n estudiantil. En ese sentido, destacaron la reaparici\u00f3n de vocal\u00edas reducidas en el periodo anterior, como Feminismo, Disidencias, Memoria y DDHH, Trabajadores y Sustentabilidad.<\/p>\n\n\n\n<p>Los consejeros territoriales de Amanecer se inclinaron por aprobar la moci\u00f3n presupuestaria considerando el aumento de becas desde Rector\u00eda, la \u201cpertinencia\u201d de los argumentos presentados por la Directiva FEUC y la incorporaci\u00f3n de observaciones planteadas durante el debate. Adem\u00e1s, indicaron que el retraso en la presentaci\u00f3n del presupuesto \u2014que debi\u00f3 realizarse en noviembre\u2014 hac\u00eda poco viable abrir un nuevo proceso de revisi\u00f3n, lo cual postergar\u00eda a\u00fan m\u00e1s la entrega de recursos.<\/p>\n\n\n\n<p>Finalmente, afirmaron que, pese a aprobar el presupuesto, esto no significa que dejar\u00e1n de ser oposici\u00f3n, \u201cpuesto a que como coalici\u00f3n nos mantendremos cr\u00edticos y atentos a las necesidades del estudiantado\u201d.<\/p>\n\n\n\n<p>Desde la Directiva FEUC, Juan Ag\u00fcero sostuvo que la federaci\u00f3n reconoce la importancia de responder a las necesidades materiales del estudiantado, pero aclar\u00f3 que su rol no es la entrega de beneficios econ\u00f3micos, sino mejorar la experiencia universitaria en \u00e1mbitos donde la instituci\u00f3n no alcanza a llegar. En ese sentido, indic\u00f3 que el programa de la FEUC no contemplaba un aumento porcentual en becas, sino una redefinici\u00f3n y diversificaci\u00f3n de estas.<\/p>\n\n\n\n<p>Adem\u00e1s, se refiri\u00f3 al presupuesto presentado por la FEUC de Solidaridad en 2025, el cual asegur\u00f3 que tampoco contemplaba un alza sustantiva en becas y que este solo fue aprobado tras incorporar un aumento que, finalmente, fue inferior a lo prometido p\u00fablicamente.<\/p>\n\n\n\n<p>Asimismo, a\u00f1adi\u00f3 que el trabajo en torno a las Becas FEUC no es \u201cunilateral ni arbitrario\u201d, que no se reducir\u00e1 el n\u00famero de beneficiarios y que se realizar\u00e1 una redistribuci\u00f3n por categor\u00edas. El representante tambi\u00e9n se\u00f1al\u00f3 que la propia Rector\u00eda contempla un aumento significativo en becas institucionales, por lo que el desaf\u00edo radicar\u00eda en bajar esa informaci\u00f3n al estudiantado, \u201cdonde las comunicaciones cumplen un rol fundamental y estrat\u00e9gico\u201d.<\/p>\n\n\n\n<p>Finalmente, Aguero defendi\u00f3 la asignaci\u00f3n de recursos a redes sociales y asesor\u00eda comunicacional, afirmando que se trata de pr\u00e1cticas hist\u00f3ricas de la FEUC y que no existe una relaci\u00f3n causal entre estos gastos y el financiamiento de becas.<\/p>\n","protected":false},"excerpt":{"rendered":"<p>La propuesta, aprobada en el Consejo Ejecutivo con el 58.5% de los votos, fue duramente criticada por el Movimiento Gremial, Avanzar y Solidaridad, mientras que Amencer respald\u00f3 la moci\u00f3n presentada por la Directiva FEUC. Durante la jornada de este s\u00e1bado, el Consejo Ejecutivo, instancia donde se re\u00fanen los consejeros territoriales de las distintas carreras de [&hellip;]<\/p>\n","protected":false},"author":1,"featured_media":4677,"comment_status":"open","ping_status":"open","sticky":false,"template":"","format":"standard","meta":{"_eb_attr":"","_gspb_post_css":"","om_disable_all_campaigns":false,"_monsterinsights_skip_tracking":false,"_monsterinsights_sitenote_active":false,"_monsterinsights_sitenote_note":"","_monsterinsights_sitenote_category":0,"footnotes":""},"categories":[14,17],"tags":[22],"class_list":["post-4676","post","type-post","status-publish","format-standard","has-post-thumbnail","hentry","category-actualidad","category-politicauniversitaria","tag-destacado"],"blocksy_meta":[],"aioseo_notices":[],"_links":{"self":[{"href":"https:\/\/elpuclitico.cl\/index.php\/wp-json\/wp\/v2\/posts\/4676","targetHints":{"allow":["GET"]}}],"collection":[{"href":"https:\/\/elpuclitico.cl\/index.php\/wp-json\/wp\/v2\/posts"}],"about":[{"href":"https:\/\/elpuclitico.cl\/index.php\/wp-json\/wp\/v2\/types\/post"}],"author":[{"embeddable":true,"href":"https:\/\/elpuclitico.cl\/index.php\/wp-json\/wp\/v2\/users\/1"}],"replies":[{"embeddable":true,"href":"https:\/\/elpuclitico.cl\/index.php\/wp-json\/wp\/v2\/comments?post=4676"}],"version-history":[{"count":2,"href":"https:\/\/elpuclitico.cl\/index.php\/wp-json\/wp\/v2\/posts\/4676\/revisions"}],"predecessor-version":[{"id":4680,"href":"https:\/\/elpuclitico.cl\/index.php\/wp-json\/wp\/v2\/posts\/4676\/revisions\/4680"}],"wp:featuredmedia":[{"embeddable":true,"href":"https:\/\/elpuclitico.cl\/index.php\/wp-json\/wp\/v2\/media\/4677"}],"wp:attachment":[{"href":"https:\/\/elpuclitico.cl\/index.php\/wp-json\/wp\/v2\/media?parent=4676"}],"wp:term":[{"taxonomy":"category","embeddable":true,"href":"https:\/\/elpuclitico.cl\/index.php\/wp-json\/wp\/v2\/categories?post=4676"},{"taxonomy":"post_tag","embeddable":true,"href":"https:\/\/elpuclitico.cl\/index.php\/wp-json\/wp\/v2\/tags?post=4676"}],"curies":[{"name":"wp","href":"https:\/\/api.w.org\/{rel}","templated":true}]}}