{"id":4681,"date":"2026-01-26T15:07:03","date_gmt":"2026-01-26T15:07:03","guid":{"rendered":"https:\/\/elpuclitico.cl\/?p=4681"},"modified":"2026-01-26T15:08:00","modified_gmt":"2026-01-26T15:08:00","slug":"el-consenso-que-nos-une","status":"publish","type":"post","link":"https:\/\/elpuclitico.cl\/index.php\/2026\/01\/26\/el-consenso-que-nos-une\/","title":{"rendered":"El consenso que nos une"},"content":{"rendered":"\n<p>Lamentablemente, cada verano nuestro pa\u00eds se ve afectado por grandes incendios que destruyen todo a su paso. Estos grandes muros de fuego dejan sin hogar y trabajo a muchas familias y, en ocasiones, les cuesta la vida a sus seres queridos. Este verano tristemente no ha sido la excepci\u00f3n, ya que las regiones de \u00d1uble y del Biob\u00edo, el centro sur del pa\u00eds, fueron devastadas por el fuego gracias a condiciones clim\u00e1ticas extremas y vientos implacables. Es en estas situaciones de crisis donde podemos medir la fortaleza de las instituciones que nos rigen, no solo para gestionar la emergencia, sino para evitar que la tragedia se convierta en un estado permanente de infortunio.<\/p>\n\n\n\n<p>Tras lo anterior, en las \u00faltimas jornadas, hemos podido presenciar un gesto inusual en la pol\u00edtica del pa\u00eds: las declaraciones y acciones conjuntas del presidente Boric y el presidente electo Kast. Ambos, representantes de sectores pol\u00edticos opuestos, han decidido unirse por una causa com\u00fan: el auxilio de quienes lo han perdido todo. M\u00e1s all\u00e1 del simbolismo, este acto republicano es un ejemplo de la pol\u00edtica que el pa\u00eds necesita. Una pol\u00edtica dialogante, despojada de intereses personales, cuyo fin no sea sacar r\u00e9dito electoral, sino formular pol\u00edticas p\u00fablicas que pongan el bienestar de Chile como principal objetivo.<\/p>\n\n\n\n<p>Esta imagen, la de dos l\u00edderes de posiciones diferentes, pero trabajando en conjunto, nos recuerda que la polarizaci\u00f3n extrema es un lujo que un pa\u00eds en emergencia no se puede permitir. Cuando la pol\u00edtica se convierte en un campo de batalla de trincheras ideol\u00f3gicas, los \u00fanicos que quedan desprotegidos son los ciudadanos. Y esta crisis, como tantas otras, no distingue colores pol\u00edticos, y la reconstrucci\u00f3n tampoco deber\u00eda ser la excepci\u00f3n.<\/p>\n\n\n\n<p>Por todo lo anterior, es urgente que comprendamos la importancia de converger posturas. Esta convergencia no debe significar renunciar a las convicciones, sino tener la madurez de reconocer que el bienestar nacional se construye en los puntos de encuentro. El consenso es, en realidad, el espacio donde el di\u00e1logo sustituye al grito y donde el pragmatismo se impone sobre el dogma. Que la unidad que vemos hoy no sea una excepci\u00f3n dictada por la tragedia.<\/p>\n\n\n\n<p>Al final del d\u00eda, Chile no necesita l\u00edderes que se derroten mutuamente, sino personas con vocaci\u00f3n de servicio que se atrevan a caminar en direcci\u00f3n al centro y apagar de una vez por todas los fuegos que nos dividen.<\/p>\n\n\n\n<p><em>Rodrigo Olalde<\/em><\/p>\n\n\n\n<p><em>Consejero Territorial de Avanzar por Ingenier\u00eda Comercial<\/em><\/p>\n\n\n\n<p><\/p>\n","protected":false},"excerpt":{"rendered":"<p>Lamentablemente, cada verano nuestro pa\u00eds se ve afectado por grandes incendios que destruyen todo a su paso. Estos grandes muros de fuego dejan sin hogar y trabajo a muchas familias y, en ocasiones, les cuesta la vida a sus seres queridos. Este verano tristemente no ha sido la excepci\u00f3n, ya que las regiones de \u00d1uble [&hellip;]<\/p>\n","protected":false},"author":1,"featured_media":0,"comment_status":"open","ping_status":"open","sticky":false,"template":"","format":"standard","meta":{"_eb_attr":"","_gspb_post_css":"","om_disable_all_campaigns":false,"_monsterinsights_skip_tracking":false,"_monsterinsights_sitenote_active":false,"_monsterinsights_sitenote_note":"","_monsterinsights_sitenote_category":0,"footnotes":""},"categories":[12,21],"tags":[],"class_list":["post-4681","post","type-post","status-publish","format-standard","hentry","category-columnas-de-opinion","category-opinion"],"blocksy_meta":[],"aioseo_notices":[],"_links":{"self":[{"href":"https:\/\/elpuclitico.cl\/index.php\/wp-json\/wp\/v2\/posts\/4681","targetHints":{"allow":["GET"]}}],"collection":[{"href":"https:\/\/elpuclitico.cl\/index.php\/wp-json\/wp\/v2\/posts"}],"about":[{"href":"https:\/\/elpuclitico.cl\/index.php\/wp-json\/wp\/v2\/types\/post"}],"author":[{"embeddable":true,"href":"https:\/\/elpuclitico.cl\/index.php\/wp-json\/wp\/v2\/users\/1"}],"replies":[{"embeddable":true,"href":"https:\/\/elpuclitico.cl\/index.php\/wp-json\/wp\/v2\/comments?post=4681"}],"version-history":[{"count":1,"href":"https:\/\/elpuclitico.cl\/index.php\/wp-json\/wp\/v2\/posts\/4681\/revisions"}],"predecessor-version":[{"id":4682,"href":"https:\/\/elpuclitico.cl\/index.php\/wp-json\/wp\/v2\/posts\/4681\/revisions\/4682"}],"wp:attachment":[{"href":"https:\/\/elpuclitico.cl\/index.php\/wp-json\/wp\/v2\/media?parent=4681"}],"wp:term":[{"taxonomy":"category","embeddable":true,"href":"https:\/\/elpuclitico.cl\/index.php\/wp-json\/wp\/v2\/categories?post=4681"},{"taxonomy":"post_tag","embeddable":true,"href":"https:\/\/elpuclitico.cl\/index.php\/wp-json\/wp\/v2\/tags?post=4681"}],"curies":[{"name":"wp","href":"https:\/\/api.w.org\/{rel}","templated":true}]}}