{"id":4690,"date":"2026-01-28T15:01:10","date_gmt":"2026-01-28T15:01:10","guid":{"rendered":"https:\/\/elpuclitico.cl\/?p=4690"},"modified":"2026-01-28T15:01:17","modified_gmt":"2026-01-28T15:01:17","slug":"una-feuc-desconectada","status":"publish","type":"post","link":"https:\/\/elpuclitico.cl\/index.php\/2026\/01\/28\/una-feuc-desconectada\/","title":{"rendered":"Una FEUC desconectada"},"content":{"rendered":"\n<p>Estimada directora: Se present\u00f3 el Presupuesto FEUC 2026 (NAU), donde disminuyen en m\u00e1s de $7.000.000 las becas. Este recorte NO es un ajuste cualquiera: significa un retroceso en uno de los principales mecanismos de apoyo directo para quienes dependen de estos recursos para sostener su vida universitaria.<\/p>\n\n\n\n<p>Es una decepci\u00f3n que esto haya sido respaldado por TODA la izquierda universitaria. La bancada completa de Amanecer y de la NAU aprob\u00f3 esta distribuci\u00f3n del presupuesto, lo que refleja una evidente y preocupante desconexi\u00f3n de dichos movimientos con las necesidades concretas de m\u00e1s de 2.500 estudiantes que postulan a las becas FEUC.<\/p>\n\n\n\n<p>Las becas son una prioridad m\u00ednima y el recorte de estas no son simples n\u00fameros: son personas. Se deja fuera a quienes ya enfrentan dificultades para continuar sus estudios y financiar otras \u00e1reas de la experiencia universitaria.<\/p>\n\n\n\n<p>Adem\u00e1s, este retroceso se da en un contexto marcado por el alza de aranceles, donde el apoyo econ\u00f3mico resulta a\u00fan m\u00e1s necesario. Reducir las becas en este escenario no solo es una mala se\u00f1al pol\u00edtica, sino tambi\u00e9n una falta de sensibilidad frente a las condiciones que viven muchos estudiantes de nuestra universidad.<\/p>\n\n\n\n<p>Durante la FEUC 2025, liderada por Solidaridad, las becas fueron una prioridad, llegando a un monto de $72.203.862. Porque la representaci\u00f3n estudiantil existe, ante todo, para cuidar a sus estudiantes, especialmente a quienes m\u00e1s lo necesitan.<\/p>\n\n\n\n<p>Fortalecer las becas es una se\u00f1al \u00e9tica y pol\u00edtica sobre el tipo de comunidad universitaria que queremos construir. Una FEUC con el estudiante al centro no recorta apoyos; los defiende.<\/p>\n\n\n\n<p><em>Carolina Mingo, Coordinadora General Solidaridad UC<\/em><\/p>\n\n\n\n<p><em>Keka Portales, Coordinadora Interna Solidaridad UC<\/em><\/p>\n\n\n\n<p><em>Benjam\u00edn Barrios, Coordinador Pol\u00edtico Solidaridad UC<\/em><\/p>\n\n\n\n<p><\/p>\n","protected":false},"excerpt":{"rendered":"<p>Estimada directora: Se present\u00f3 el Presupuesto FEUC 2026 (NAU), donde disminuyen en m\u00e1s de $7.000.000 las becas. Este recorte NO es un ajuste cualquiera: significa un retroceso en uno de los principales mecanismos de apoyo directo para quienes dependen de estos recursos para sostener su vida universitaria. Es una decepci\u00f3n que esto haya sido respaldado [&hellip;]<\/p>\n","protected":false},"author":1,"featured_media":0,"comment_status":"open","ping_status":"open","sticky":false,"template":"","format":"standard","meta":{"_eb_attr":"","_gspb_post_css":"","om_disable_all_campaigns":false,"_monsterinsights_skip_tracking":false,"_monsterinsights_sitenote_active":false,"_monsterinsights_sitenote_note":"","_monsterinsights_sitenote_category":0,"footnotes":""},"categories":[13,21],"tags":[],"class_list":["post-4690","post","type-post","status-publish","format-standard","hentry","category-carta-a-la-directora","category-opinion"],"blocksy_meta":[],"aioseo_notices":[],"_links":{"self":[{"href":"https:\/\/elpuclitico.cl\/index.php\/wp-json\/wp\/v2\/posts\/4690","targetHints":{"allow":["GET"]}}],"collection":[{"href":"https:\/\/elpuclitico.cl\/index.php\/wp-json\/wp\/v2\/posts"}],"about":[{"href":"https:\/\/elpuclitico.cl\/index.php\/wp-json\/wp\/v2\/types\/post"}],"author":[{"embeddable":true,"href":"https:\/\/elpuclitico.cl\/index.php\/wp-json\/wp\/v2\/users\/1"}],"replies":[{"embeddable":true,"href":"https:\/\/elpuclitico.cl\/index.php\/wp-json\/wp\/v2\/comments?post=4690"}],"version-history":[{"count":1,"href":"https:\/\/elpuclitico.cl\/index.php\/wp-json\/wp\/v2\/posts\/4690\/revisions"}],"predecessor-version":[{"id":4691,"href":"https:\/\/elpuclitico.cl\/index.php\/wp-json\/wp\/v2\/posts\/4690\/revisions\/4691"}],"wp:attachment":[{"href":"https:\/\/elpuclitico.cl\/index.php\/wp-json\/wp\/v2\/media?parent=4690"}],"wp:term":[{"taxonomy":"category","embeddable":true,"href":"https:\/\/elpuclitico.cl\/index.php\/wp-json\/wp\/v2\/categories?post=4690"},{"taxonomy":"post_tag","embeddable":true,"href":"https:\/\/elpuclitico.cl\/index.php\/wp-json\/wp\/v2\/tags?post=4690"}],"curies":[{"name":"wp","href":"https:\/\/api.w.org\/{rel}","templated":true}]}}