{"id":4811,"date":"2026-03-07T00:58:49","date_gmt":"2026-03-07T00:58:49","guid":{"rendered":"https:\/\/elpuclitico.cl\/?p=4811"},"modified":"2026-03-07T16:27:39","modified_gmt":"2026-03-07T16:27:39","slug":"errores-y-confusion-en-ccee-marcan-votacion-del-petitorio-y-paralizacion-feminista-en-la-uc","status":"publish","type":"post","link":"https:\/\/elpuclitico.cl\/index.php\/2026\/03\/07\/errores-y-confusion-en-ccee-marcan-votacion-del-petitorio-y-paralizacion-feminista-en-la-uc\/","title":{"rendered":"Errores y confusi\u00f3n\u00a0en CCEE\u00a0marcan votaci\u00f3n del petitorio y paralizaci\u00f3n feminista en la UC"},"content":{"rendered":"\n<p><em>Distintos centros de estudiantes interpretaron de manera diferente las instrucciones de la FEUC sobre c\u00f3mo deb\u00eda efectuarse la votaci\u00f3n, lo que deriv\u00f3 en problemas en algunas papeletas y ajustes durante el proceso.<\/em><\/p>\n\n\n\n<p>El pasado 25 de febrero, el Consejo FEUC aprob\u00f3 bajar a los distintos territorios&nbsp;la votaci\u00f3n del petitorio feminista y una eventual paralizaci\u00f3n simb\u00f3lica para este 9 de marzo.&nbsp;Sin embargo, las instrucciones&nbsp;sobre&nbsp;c\u00f3mo deb\u00eda realizarse&nbsp;el&nbsp;plebiscito,&nbsp;entregadas por&nbsp;la&nbsp;Directiva FEUC,&nbsp;generaron&nbsp;confusi\u00f3n&nbsp;en&nbsp;distintos&nbsp;centros de estudiantes al momento&nbsp;de&nbsp;organizar el&nbsp;proceso de votaci\u00f3n.&nbsp;&nbsp;<\/p>\n\n\n\n<p>En el Consejo FEUC de febrero, Antonia Rebolledo, secretaria general de la Directiva FEUC, entreg\u00f3 las instrucciones a viva voz para llevar a cabo la votaci\u00f3n: \u201cEs una votaci\u00f3n para bajar el petitorio y la paralizaci\u00f3n en su conjunto a votaci\u00f3n ponderada\u201d.&nbsp;<\/p>\n\n\n\n<p>Las votaciones en los distintos territorios de la UC comenzaron el mi\u00e9rcoles 4 de marzo, extendi\u00e9ndose en algunos casos hasta el jueves 5. Durante la jornada de ese mi\u00e9rcoles y, tras&nbsp;la consulta v\u00eda WhatsApp de un representante&nbsp;sobre&nbsp;la modalidad de la votaci\u00f3n, Rebolledo aclar\u00f3 que&nbsp;el&nbsp;petitorio&nbsp;y paralizaci\u00f3n feminista&nbsp;deb\u00edan&nbsp;votarse en&nbsp;una sola pregunta&nbsp;y no por separado.&nbsp;<\/p>\n\n\n\n<p>Para ese momento, varios&nbsp;Centros de Estudiantes ya hab\u00edan impreso sus papeletas. Bas\u00e1ndose&nbsp;en&nbsp;plebiscitos anteriores, presentaron la votaci\u00f3n en dos preguntas&nbsp;separadas:&nbsp;una sobre el petitorio feminista y otra sobre la paralizaci\u00f3n simb\u00f3lica.&nbsp;<\/p>\n\n\n\n<p><strong>Las confusiones en&nbsp;Comunicaciones y Lo Contador<\/strong>&nbsp;<\/p>\n\n\n\n<p>Tal fue el caso&nbsp;del&nbsp;Centro de Estudiantes de Comunicaciones (CECOM),&nbsp;que&nbsp;inici\u00f3&nbsp;el proceso&nbsp;con&nbsp;dos&nbsp;votaciones independientes.&nbsp;Desde&nbsp;el&nbsp;centro&nbsp;explicaron&nbsp;que&nbsp;\u201cla falta de claridad en el acta hizo que se diera esa situaci\u00f3n\u201d y que, en&nbsp;el&nbsp;consejo, \u201chubo poco tiempo para hablar de esto, siendo que era tan importante\u201d.&nbsp;&nbsp;<\/p>\n\n\n\n<p>Tras&nbsp;notar&nbsp;que las&nbsp;instrucciones&nbsp;de la&nbsp;FEUC indicaban lo contrario, el CECOM se comunic\u00f3 con el TRICEL interno de su facultad y&nbsp;resolvi\u00f3&nbsp;<strong>anular los votos que mostraban opciones diferentes&nbsp;(apruebo y rechazo).&nbsp;<\/strong>Esta decisi\u00f3n fue respaldada por la&nbsp;Secretar\u00eda&nbsp;General&nbsp;de la FEUC,&nbsp;y&nbsp;fue&nbsp;la&nbsp;misma medida&nbsp;adoptada por&nbsp;otros centros de estudiantes que incurrieron en el mismo error.&nbsp;&nbsp;<\/p>\n\n\n\n<p>Desde el&nbsp;CECOM&nbsp;se\u00f1alaron&nbsp;que&nbsp;esta decisi\u00f3n era la que menos votantes perjudicaba y sugirieron contar con&nbsp;una&nbsp;papeleta&nbsp;tipo, de manera que todos los centros&nbsp;manejen la&nbsp;misma informaci\u00f3n.&nbsp;<\/p>\n\n\n\n<p>Lo Contador&nbsp;sufri\u00f3 el mismo problema. Desde el Centro de Estudiantes de Dise\u00f1o (CED)&nbsp;comentaron que,&nbsp;tras cerrar la mesa de votaci\u00f3n el mi\u00e9rcoles, fueron contactados por la FEUC&nbsp;para consultar&nbsp;c\u00f3mo hab\u00edan&nbsp;realizado&nbsp;el proceso.&nbsp;<\/p>\n\n\n\n<p>\u201cComo CCEE no se nos hab\u00eda confirmado&nbsp;que la votaci\u00f3n&nbsp;deb\u00eda ser&nbsp;conjunta, y&nbsp;realizamos la votaci\u00f3n en base a experiencias anteriores, atendiendo a la importancia de que no se generara una pregunta donde se&nbsp;condicionara el voto del estudiante si es que estaba a favor de una moci\u00f3n y en contra de la otra\u201d, se\u00f1alaron.&nbsp;<\/p>\n\n\n\n<p>Aunque la sugerencia&nbsp;de&nbsp;la FEUC era anular los votos&nbsp;con opciones distintas (apruebo y rechazo),&nbsp;el CED y el Centro de Estudiantes de Arquitectura&nbsp;decidieron continuar con&nbsp;el proceso&nbsp;sin aplicar esta medida,&nbsp;\u201cya&nbsp;que no&nbsp;hab\u00eda sido algo que se les hubiera adelantado a los estudiantes previo al momento de votaci\u00f3n\u201d.&nbsp;<\/p>\n\n\n\n<p>\u201cEl resultado esperado de las votaciones no iba a ser diferido, sino que lo m\u00e1s probable era que se votara, en su mayor\u00eda, por apruebo en ambas opciones, lo cual termin\u00f3 por ser as\u00ed y se tradujo en un apruebo general a ambas mociones\u201d,&nbsp;sostuvieron.&nbsp;<\/p>\n\n\n\n<p><strong>Derecho y una papeleta&nbsp;sin paralizaci\u00f3n<\/strong>&nbsp;<\/p>\n\n\n\n<p>Por&nbsp;otro lado,&nbsp;el&nbsp;Centro&nbsp;de Estudiantes de Derecho (CADE)&nbsp;present\u00f3 una&nbsp;situaci\u00f3n&nbsp;particular:&nbsp;su&nbsp;papeleta&nbsp;de votaci\u00f3n&nbsp;solo mencionaba&nbsp;el petitorio feminista y no la paralizaci\u00f3n.&nbsp;&nbsp;<\/p>\n\n\n\n<p>Tras&nbsp;ser consultados&nbsp;sobre&nbsp;el&nbsp;porqu\u00e9&nbsp;de la omisi\u00f3n de&nbsp;este punto,&nbsp;sostuvieron&nbsp;que&nbsp;\u201cla informaci\u00f3n&nbsp;fue bajada en todas las ocasiones que&nbsp;correspond\u00eda,&nbsp;explicando&nbsp;que la&nbsp;votaci\u00f3n&nbsp;se hac\u00eda de manera conjunta seg\u00fan lo&nbsp;transmitido por&nbsp;la FEUC\u201d.&nbsp;<\/p>\n\n\n\n<p>\u201cDesde&nbsp;las pr\u00f3ximas elecciones se deber\u00eda establecer de manera m\u00e1s expl\u00edcita lo que se vota en la papeleta, para as\u00ed mejorar&nbsp;las experiencias de la participaci\u00f3n\u201d,&nbsp;indicaron,&nbsp;calificando&nbsp;la comunicaci\u00f3n por parte de la FEUC como un&nbsp;\u201cerror\u201d&nbsp;y sugirieron&nbsp;establecer una comisi\u00f3n para estandarizar los procesos&nbsp;de votaciones.&nbsp;&nbsp;<\/p>\n\n\n\n<p>Desde el CADE, cerraron&nbsp;manifestando&nbsp;que&nbsp;creen en la importancia del plebiscito y en la necesidad de mejorar los flujos de informaci\u00f3n para resguardar tem\u00e1ticas relevantes para el estudiantado.&nbsp;&nbsp;<\/p>\n\n\n\n<p><strong>La respuesta de la FEUC<\/strong>&nbsp;<\/p>\n\n\n\n<p>Por su parte, Antonia Rebolledo&nbsp;manifest\u00f3&nbsp;que,&nbsp;tras percatarse del error, contactaron a los Centros de Estudiantes para identificar&nbsp;qui\u00e9nes ten\u00edan problemas. Esto,&nbsp;con el objetivo de visualizar las dificultades y evaluar c\u00f3mo pod\u00edan solucionarse. Rebolledo destac\u00f3 que, para el segundo d\u00eda,&nbsp;\u201ctodos sab\u00edan que el plebiscito era en conjunto, y eso es gracias al trabajo de los CCEE&nbsp;en bajar la informaci\u00f3n\u201d.&nbsp;<\/p>\n\n\n\n<p>Finalmente, concluy\u00f3&nbsp;planteando&nbsp;que&nbsp;\u201ccomo federaci\u00f3n, nuestro compromiso con el deber c\u00edvico es permanente. Esperamos que entiendan que el error nace de lo humano, siempre con las buenas intenciones y buena fe que conlleva un proceso&nbsp;democr\u00e1tico\u201d.&nbsp;&nbsp;<\/p>\n\n\n\n<p>Los resultados de la votaci\u00f3n ponderada del petitorio y paralizaci\u00f3n simb\u00f3lica se dar\u00e1n a conocer durante la jornada del s\u00e1bado 7 de marzo.&nbsp;<\/p>\n\n\n\n<p><\/p>\n","protected":false},"excerpt":{"rendered":"<p>Distintos centros de estudiantes interpretaron de manera diferente las instrucciones de la FEUC sobre c\u00f3mo deb\u00eda efectuarse la votaci\u00f3n, lo que deriv\u00f3 en problemas en algunas papeletas y ajustes durante el proceso. El pasado 25 de febrero, el Consejo FEUC aprob\u00f3 bajar a los distintos territorios&nbsp;la votaci\u00f3n del petitorio feminista y una eventual paralizaci\u00f3n simb\u00f3lica [&hellip;]<\/p>\n","protected":false},"author":1,"featured_media":4812,"comment_status":"closed","ping_status":"closed","sticky":false,"template":"","format":"standard","meta":{"_eb_attr":"","_gspb_post_css":"","om_disable_all_campaigns":false,"_monsterinsights_skip_tracking":false,"_monsterinsights_sitenote_active":false,"_monsterinsights_sitenote_note":"","_monsterinsights_sitenote_category":0,"footnotes":""},"categories":[14,17],"tags":[22],"class_list":["post-4811","post","type-post","status-publish","format-standard","has-post-thumbnail","hentry","category-actualidad","category-politicauniversitaria","tag-destacado"],"blocksy_meta":[],"aioseo_notices":[],"_links":{"self":[{"href":"https:\/\/elpuclitico.cl\/index.php\/wp-json\/wp\/v2\/posts\/4811","targetHints":{"allow":["GET"]}}],"collection":[{"href":"https:\/\/elpuclitico.cl\/index.php\/wp-json\/wp\/v2\/posts"}],"about":[{"href":"https:\/\/elpuclitico.cl\/index.php\/wp-json\/wp\/v2\/types\/post"}],"author":[{"embeddable":true,"href":"https:\/\/elpuclitico.cl\/index.php\/wp-json\/wp\/v2\/users\/1"}],"replies":[{"embeddable":true,"href":"https:\/\/elpuclitico.cl\/index.php\/wp-json\/wp\/v2\/comments?post=4811"}],"version-history":[{"count":2,"href":"https:\/\/elpuclitico.cl\/index.php\/wp-json\/wp\/v2\/posts\/4811\/revisions"}],"predecessor-version":[{"id":4814,"href":"https:\/\/elpuclitico.cl\/index.php\/wp-json\/wp\/v2\/posts\/4811\/revisions\/4814"}],"wp:featuredmedia":[{"embeddable":true,"href":"https:\/\/elpuclitico.cl\/index.php\/wp-json\/wp\/v2\/media\/4812"}],"wp:attachment":[{"href":"https:\/\/elpuclitico.cl\/index.php\/wp-json\/wp\/v2\/media?parent=4811"}],"wp:term":[{"taxonomy":"category","embeddable":true,"href":"https:\/\/elpuclitico.cl\/index.php\/wp-json\/wp\/v2\/categories?post=4811"},{"taxonomy":"post_tag","embeddable":true,"href":"https:\/\/elpuclitico.cl\/index.php\/wp-json\/wp\/v2\/tags?post=4811"}],"curies":[{"name":"wp","href":"https:\/\/api.w.org\/{rel}","templated":true}]}}