{"id":4815,"date":"2026-03-07T15:20:48","date_gmt":"2026-03-07T15:20:48","guid":{"rendered":"https:\/\/elpuclitico.cl\/?p=4815"},"modified":"2026-03-07T16:27:32","modified_gmt":"2026-03-07T16:27:32","slug":"se-aprueba-petitorio-feminista-y-paralizacion-simbolica-para-el-lunes-9-de-marzo","status":"publish","type":"post","link":"https:\/\/elpuclitico.cl\/index.php\/2026\/03\/07\/se-aprueba-petitorio-feminista-y-paralizacion-simbolica-para-el-lunes-9-de-marzo\/","title":{"rendered":"Se aprueba petitorio feminista y paralizaci\u00f3n simb\u00f3lica para el lunes 9 de marzo"},"content":{"rendered":"\n<p><em>Con un 60,3% de respaldo del Consejo FEUC, se aprobaron las actividades convocadas para el D\u00eda Internacional de la Mujer. La consulta estuvo marcada por un alto porcentaje de abstenci\u00f3n y varios territorios con falta de qu\u00f3rum.<\/em><\/p>\n\n\n\n<p>En un nuevo consejo extraordinario, los centros de estudiantes presentaron los resultados de las consultas realizadas en sus territorios sobre el petitorio feminista y la paralizaci\u00f3n simb\u00f3lica convocada para este lunes 9 de marzo. Por su parte, los consejeros territoriales tambi\u00e9n expusieron su voto. Con un 94,7% de qu\u00f3rum, la moci\u00f3n fue aprobada con un 60,3% de apoyo, mientras que un 16,2% vot\u00f3 en contra y un 20,6% se abstuvo.<\/p>\n\n\n\n<p>La aprobaci\u00f3n de la paralizaci\u00f3n simb\u00f3lica no implica una suspensi\u00f3n obligatoria de las actividades acad\u00e9micas. M\u00e1s bien, la instancia busca generar un espacio de reflexi\u00f3n, di\u00e1logo y movilizaci\u00f3n dentro de la jornada del lunes.<\/p>\n\n\n\n<p>Los votos presentados por los centros de estudiantes corresponden al resultado de la votaci\u00f3n realizada en sus territorios. Durante la instancia, algunos representantes manifestaron su preocupaci\u00f3n por la forma en que se comunic\u00f3 el procedimiento para efectuar la votaci\u00f3n y sugirieron contar con un voto tipo para una futura instancia similar. Adem\u00e1s, varios centros de estudiantes no alcanzaron el qu\u00f3rum requerido, por lo que debieron presentar una abstenci\u00f3n.<\/p>\n\n\n\n<p>Cabe destacar que diversas carreras votaron a trav\u00e9s del Consejo de Presidentes (CDP). Se trata de una instancia presente en territorios que agrupan varias carreras, y en la que se discute y presenta un voto conjunto de todos los centros de estudiantes que la integran. Estas son: Agronom\u00eda y Sist. Naturales; Ciencias de la Salud; Ciencias Exactas; Educaci\u00f3n; Humanidades; Lo Contador; Oriente; Sociales y Teolog\u00eda.<\/p>\n\n\n\n<p>Revisa en nuestro Instagram el detalle completo de las votaciones.<\/p>\n\n\n\n<p><\/p>\n","protected":false},"excerpt":{"rendered":"<p>Con un 60,3% de respaldo del Consejo FEUC, se aprobaron las actividades convocadas para el D\u00eda Internacional de la Mujer. La consulta estuvo marcada por un alto porcentaje de abstenci\u00f3n y varios territorios con falta de qu\u00f3rum. En un nuevo consejo extraordinario, los centros de estudiantes presentaron los resultados de las consultas realizadas en sus [&hellip;]<\/p>\n","protected":false},"author":1,"featured_media":4816,"comment_status":"closed","ping_status":"closed","sticky":false,"template":"","format":"standard","meta":{"_eb_attr":"","_gspb_post_css":"","om_disable_all_campaigns":false,"_monsterinsights_skip_tracking":false,"_monsterinsights_sitenote_active":false,"_monsterinsights_sitenote_note":"","_monsterinsights_sitenote_category":0,"footnotes":""},"categories":[14,17],"tags":[22],"class_list":["post-4815","post","type-post","status-publish","format-standard","has-post-thumbnail","hentry","category-actualidad","category-politicauniversitaria","tag-destacado"],"blocksy_meta":[],"aioseo_notices":[],"_links":{"self":[{"href":"https:\/\/elpuclitico.cl\/index.php\/wp-json\/wp\/v2\/posts\/4815","targetHints":{"allow":["GET"]}}],"collection":[{"href":"https:\/\/elpuclitico.cl\/index.php\/wp-json\/wp\/v2\/posts"}],"about":[{"href":"https:\/\/elpuclitico.cl\/index.php\/wp-json\/wp\/v2\/types\/post"}],"author":[{"embeddable":true,"href":"https:\/\/elpuclitico.cl\/index.php\/wp-json\/wp\/v2\/users\/1"}],"replies":[{"embeddable":true,"href":"https:\/\/elpuclitico.cl\/index.php\/wp-json\/wp\/v2\/comments?post=4815"}],"version-history":[{"count":3,"href":"https:\/\/elpuclitico.cl\/index.php\/wp-json\/wp\/v2\/posts\/4815\/revisions"}],"predecessor-version":[{"id":4820,"href":"https:\/\/elpuclitico.cl\/index.php\/wp-json\/wp\/v2\/posts\/4815\/revisions\/4820"}],"wp:featuredmedia":[{"embeddable":true,"href":"https:\/\/elpuclitico.cl\/index.php\/wp-json\/wp\/v2\/media\/4816"}],"wp:attachment":[{"href":"https:\/\/elpuclitico.cl\/index.php\/wp-json\/wp\/v2\/media?parent=4815"}],"wp:term":[{"taxonomy":"category","embeddable":true,"href":"https:\/\/elpuclitico.cl\/index.php\/wp-json\/wp\/v2\/categories?post=4815"},{"taxonomy":"post_tag","embeddable":true,"href":"https:\/\/elpuclitico.cl\/index.php\/wp-json\/wp\/v2\/tags?post=4815"}],"curies":[{"name":"wp","href":"https:\/\/api.w.org\/{rel}","templated":true}]}}