{"id":4836,"date":"2026-03-09T22:34:04","date_gmt":"2026-03-09T22:34:04","guid":{"rendered":"https:\/\/elpuclitico.cl\/?p=4836"},"modified":"2026-03-09T22:41:06","modified_gmt":"2026-03-09T22:41:06","slug":"la-justicia-sin-venda","status":"publish","type":"post","link":"https:\/\/elpuclitico.cl\/index.php\/2026\/03\/09\/la-justicia-sin-venda\/","title":{"rendered":"La justicia sin venda"},"content":{"rendered":"\n<p>El 4 de marzo el Senado aprob\u00f3 en general un proyecto que permitir\u00eda conmutar penas a reclusos de edad avanzada o gravemente enfermos. M\u00e1s all\u00e1 de las consideraciones humanitarias que se han esgrimido para justificar la iniciativa, la discusi\u00f3n deja al descubierto una realidad inc\u00f3moda, la profunda hipocres\u00eda y desconexi\u00f3n de la clase pol\u00edtica con las necesidades de la ciudadan\u00eda.<\/p>\n\n\n\n<p>Mientras el discurso p\u00fablico insiste en la importancia de la seguridad, el respeto a la ley y el fortalecimiento de las instituciones, parte del mundo pol\u00edtico impulsa medidas que podr\u00edan terminar flexibilizando el cumplimiento de condenas en algunos de los delitos m\u00e1s graves. La contradicci\u00f3n es clara: se exige dureza frente a la delincuencia com\u00fan, pero al mismo tiempo se abre la puerta a beneficios extraordinarios cuando se trata de otros condenados.<\/p>\n\n\n\n<p>En la \u00faltima campa\u00f1a presidencial ya se hab\u00eda abierto el debate en torno al futuro del penal de Punta Peuco y la posibilidad de otorgar beneficios o incluso indultos a algunos de sus internos, entre ellos el exagente de la DINA, Miguel Krassnoff. Frente a este escenario, surge una pregunta inevitable: \u00bfmerecen beneficios o indultos quienes han sido condenados por graves violaciones a los derechos humanos y que, adem\u00e1s, nunca han colaborado con la justicia ni han contribuido a esclarecer la verdad sobre los cr\u00edmenes cometidos? La respuesta, para muchos chilenos, parece evidente.<\/p>\n\n\n\n<p>Pero, \u00bfqu\u00e9 se puede esperar de una clase pol\u00edtica que parece m\u00e1s preocupada de impulsar este tipo de proyectos que de avanzar en reformas largamente postergadas? Mientras se discuten beneficios para ciertos condenados, otras iniciativas que afectan directamente la vida de miles de chilenos siguen acumulando a\u00f1os en el Congreso. El proyecto de sala cuna universal lleva estancado varios a\u00f1os; la ley de eutanasia lleva m\u00e1s de 10 a\u00f1os desde la primera propuesta; la reforma al sistema de adopci\u00f3n estuvo m\u00e1s de una d\u00e9cada en discusi\u00f3n; y la ley de protecci\u00f3n de datos personales estuvo m\u00e1s de siete a\u00f1os esperando una resoluci\u00f3n definitiva.<\/p>\n\n\n\n<p>Quienes defienden este proyecto usan un argumento muy simple: que los condenados con enfermedades terminales ya no representan un peligro para la sociedad. Pero ese razonamiento confunde el sentido mismo de la justicia. Las penas no existen \u00fanicamente para neutralizar a personas peligrosas, sino tambi\u00e9n para responder al da\u00f1o causado. Si el \u00fanico criterio para cumplir una condena fuera la peligrosidad actual del condenado, entonces bastar\u00eda con esperar lo suficiente para que cualquier criminal pudiera aspirar a cumplir su pena fuera de la c\u00e1rcel. Como plantea John Rawls con su idea del \u201cvelo de la ignorancia\u201d, las reglas de justicia deben pensarse como si no supi\u00e9ramos qu\u00e9 lugar ocuparemos en la sociedad. Dicho esto, yo les pregunto a ustedes: \u00bfqu\u00e9 imparcialidad hay en otorgar beneficios a homicidas, criminales sexuales o violadores de erechos humanos? M\u00e1s a\u00fan cuando uno de los senadores que vot\u00f3 a favor del proyecto tiene un padre condenado que en pocos a\u00f1os podr\u00eda acceder a estos beneficios.<\/p>\n\n\n\n<p>Llegados a este punto, queda solo una pregunta: \u00bfqu\u00e9 beneficio obtiene la sociedad al sacar de la c\u00e1rcel al \u201cpsic\u00f3pata de Alto Hospicio\u201d o al \u201cchacal de Alcohuaz\u201d? \u00bfQu\u00e9 mejora concreta produce para la justicia o para las v\u00edctimas? La respuesta es dif\u00edcil de encontrar. Lo que s\u00ed resulta evidente es<\/p>\n\n\n\n<p>que decisiones como esta no fortalecen la confianza en las instituciones ni en el principio de igualdad ante la ley. Y cuando la justicia comienza a flexibilizarse seg\u00fan qui\u00e9n es el condenado, el riesgo es claro, porque lo que se debilita no es solo una sentencia, sino la idea misma de justicia.<\/p>\n\n\n\n<p><em>Pablo Dur\u00e1n Rivera<\/em><\/p>\n\n\n\n<p><em>Estudiante de Historia<\/em><\/p>\n\n\n\n<p><\/p>\n","protected":false},"excerpt":{"rendered":"<p>El 4 de marzo el Senado aprob\u00f3 en general un proyecto que permitir\u00eda conmutar penas a reclusos de edad avanzada o gravemente enfermos. M\u00e1s all\u00e1 de las consideraciones humanitarias que se han esgrimido para justificar la iniciativa, la discusi\u00f3n deja al descubierto una realidad inc\u00f3moda, la profunda hipocres\u00eda y desconexi\u00f3n de la clase pol\u00edtica con [&hellip;]<\/p>\n","protected":false},"author":1,"featured_media":4837,"comment_status":"closed","ping_status":"closed","sticky":false,"template":"","format":"standard","meta":{"_eb_attr":"","_gspb_post_css":"","om_disable_all_campaigns":false,"_monsterinsights_skip_tracking":false,"_monsterinsights_sitenote_active":false,"_monsterinsights_sitenote_note":"","_monsterinsights_sitenote_category":0,"footnotes":""},"categories":[12,21],"tags":[],"class_list":["post-4836","post","type-post","status-publish","format-standard","has-post-thumbnail","hentry","category-columnas-de-opinion","category-opinion"],"blocksy_meta":[],"aioseo_notices":[],"_links":{"self":[{"href":"https:\/\/elpuclitico.cl\/index.php\/wp-json\/wp\/v2\/posts\/4836","targetHints":{"allow":["GET"]}}],"collection":[{"href":"https:\/\/elpuclitico.cl\/index.php\/wp-json\/wp\/v2\/posts"}],"about":[{"href":"https:\/\/elpuclitico.cl\/index.php\/wp-json\/wp\/v2\/types\/post"}],"author":[{"embeddable":true,"href":"https:\/\/elpuclitico.cl\/index.php\/wp-json\/wp\/v2\/users\/1"}],"replies":[{"embeddable":true,"href":"https:\/\/elpuclitico.cl\/index.php\/wp-json\/wp\/v2\/comments?post=4836"}],"version-history":[{"count":1,"href":"https:\/\/elpuclitico.cl\/index.php\/wp-json\/wp\/v2\/posts\/4836\/revisions"}],"predecessor-version":[{"id":4838,"href":"https:\/\/elpuclitico.cl\/index.php\/wp-json\/wp\/v2\/posts\/4836\/revisions\/4838"}],"wp:featuredmedia":[{"embeddable":true,"href":"https:\/\/elpuclitico.cl\/index.php\/wp-json\/wp\/v2\/media\/4837"}],"wp:attachment":[{"href":"https:\/\/elpuclitico.cl\/index.php\/wp-json\/wp\/v2\/media?parent=4836"}],"wp:term":[{"taxonomy":"category","embeddable":true,"href":"https:\/\/elpuclitico.cl\/index.php\/wp-json\/wp\/v2\/categories?post=4836"},{"taxonomy":"post_tag","embeddable":true,"href":"https:\/\/elpuclitico.cl\/index.php\/wp-json\/wp\/v2\/tags?post=4836"}],"curies":[{"name":"wp","href":"https:\/\/api.w.org\/{rel}","templated":true}]}}