{"id":4846,"date":"2026-03-11T16:07:14","date_gmt":"2026-03-11T16:07:14","guid":{"rendered":"https:\/\/elpuclitico.cl\/?p=4846"},"modified":"2026-03-11T16:10:16","modified_gmt":"2026-03-11T16:10:16","slug":"jose-antonio-kast-exdirigente-estudiantil-uc-asume-como-presidente-de-la-republica","status":"publish","type":"post","link":"https:\/\/elpuclitico.cl\/index.php\/2026\/03\/11\/jose-antonio-kast-exdirigente-estudiantil-uc-asume-como-presidente-de-la-republica\/","title":{"rendered":"Jos\u00e9 Antonio Kast, exdirigente estudiantil UC, asume como presidente de la Rep\u00fablica"},"content":{"rendered":"\n<p><em>Esta tarde se realiz\u00f3 el cambio de mando presidencial, instancia en la que el exalumno de Derecho UC asumi\u00f3 como nuevo mandatario del pa\u00eds, convirti\u00e9ndose en el tercer presidente egresado de la Universidad Cat\u00f3lica.\u00a0<\/em><\/p>\n\n\n\n<p>Durante la tarde de este martes 11 de marzo se llev\u00f3 a cabo el cambio de mando presidencial, ceremonia en la que el exalumno de la Facultad de Derecho de la Pontificia Universidad Cat\u00f3lica de Chile, Jos\u00e9 Antonio Kast, asumi\u00f3 como presidente de la Rep\u00fablica para el per\u00edodo 2026-2030.<\/p>\n\n\n\n<p>El nuevo mandatario llega a La Moneda con la promesa de encabezar un \u201cgobierno de emergencia\u201d, concepto que marc\u00f3 su campa\u00f1a presidencial y que busca enfrentar lo que ha descrito como una crisis de seguridad, crecimiento econ\u00f3mico y gesti\u00f3n del Estado. Entre las principales prioridades anunciadas por el nuevo jefe de Estado se encuentran el fortalecimiento del combate al crimen organizado, el control de la inmigraci\u00f3n irregular y una agenda econ\u00f3mica orientada a reactivar el crecimiento del pa\u00eds.<\/p>\n\n\n\n<p>Kast fue elegido en las elecciones presidenciales del pasado 14 de diciembre, instancia en la que obtuvo el 58% de los votos. Con su llegada a La Moneda, se convierte en el tercer mandatario egresado de la Universidad Cat\u00f3lica, tras Sebasti\u00e1n Pi\u00f1era y Eduardo Frei Montalva.<\/p>\n\n\n\n<p>El l\u00edder republicano ingres\u00f3 en 1984 a estudiar Derecho en la UC. Durante su etapa universitaria particip\u00f3 activamente en la vida estudiantil, donde inici\u00f3 su trayectoria p\u00fablica.<\/p>\n\n\n\n<p>En 1985 se incorpor\u00f3 al Movimiento Gremial (MG) y posteriormente integr\u00f3 la Consejer\u00eda Superior de la universidad como representante estudiantil durante dos per\u00edodos consecutivos, en 1986 y 1987. Asimismo, fue parte del Centro de Alumnos de la Escuela de Derecho.<\/p>\n\n\n\n<p>En 1987 fue candidato a la presidencia de la Federaci\u00f3n de Estudiantes de la Universidad Cat\u00f3lica (FEUC), elecci\u00f3n en la que fue derrotado en segunda vuelta por Patricio Zapata, miembro de la Democracia Cristiana Universitaria (DCU).<\/p>\n\n\n\n<p>Jos\u00e9 Antonio Kast jur\u00f3 como abogado ante la Corte Suprema el 19 de agosto de 1991. Tambi\u00e9n se desempe\u00f1\u00f3 como ayudante de la c\u00e1tedra de Derecho y Sociedad en el Instituto de Econom\u00eda de la Facultad de Ciencias Econ\u00f3micas y Administrativas de la misma instituci\u00f3n.<\/p>\n\n\n\n<p>El inicio de su carrera pol\u00edtica no se qued\u00f3 solo en la UC. Fue la misma casa de estudios la que le abri\u00f3 un camino al aquel entonces, joven universitario Jos\u00e9 Antonio Kast y, ahora, presidente de la Rep\u00fablica de Chile.<\/p>\n\n\n\n<p>Despu\u00e9s de su paso por las salas de la Facultad de Derecho de Casa Central, Jos\u00e9 Antonio hizo de la pol\u00edtica un estilo de vida: inici\u00f3 siendo concejal de Buin en 1996, posteriormente diputado por el distrito 30 en la RM (San Bernardo, Calera de Tango, Buin y Paine) durante tres periodos seguidos, y luego migr\u00f3 al distrito 24 (La Reina y Pe\u00f1alol\u00e9n).<\/p>\n\n\n\n<p>Uno de los cambios que marcaron su carrera pol\u00edtica fue la fundaci\u00f3n del Partido Republicano en 2018, haza\u00f1a que, en menos de una d\u00e9cada, le dar\u00eda la presidencia del pa\u00eds en su segundo intento por llegar al poder.<\/p>\n","protected":false},"excerpt":{"rendered":"<p>Esta tarde se realiz\u00f3 el cambio de mando presidencial, instancia en la que el exalumno de Derecho UC asumi\u00f3 como nuevo mandatario del pa\u00eds, convirti\u00e9ndose en el tercer presidente egresado de la Universidad Cat\u00f3lica.\u00a0 Durante la tarde de este martes 11 de marzo se llev\u00f3 a cabo el cambio de mando presidencial, ceremonia en la [&hellip;]<\/p>\n","protected":false},"author":1,"featured_media":4849,"comment_status":"closed","ping_status":"closed","sticky":false,"template":"","format":"standard","meta":{"_eb_attr":"","_gspb_post_css":"","om_disable_all_campaigns":false,"_monsterinsights_skip_tracking":false,"_monsterinsights_sitenote_active":false,"_monsterinsights_sitenote_note":"","_monsterinsights_sitenote_category":0,"footnotes":""},"categories":[14],"tags":[],"class_list":["post-4846","post","type-post","status-publish","format-standard","has-post-thumbnail","hentry","category-actualidad"],"blocksy_meta":[],"aioseo_notices":[],"_links":{"self":[{"href":"https:\/\/elpuclitico.cl\/index.php\/wp-json\/wp\/v2\/posts\/4846","targetHints":{"allow":["GET"]}}],"collection":[{"href":"https:\/\/elpuclitico.cl\/index.php\/wp-json\/wp\/v2\/posts"}],"about":[{"href":"https:\/\/elpuclitico.cl\/index.php\/wp-json\/wp\/v2\/types\/post"}],"author":[{"embeddable":true,"href":"https:\/\/elpuclitico.cl\/index.php\/wp-json\/wp\/v2\/users\/1"}],"replies":[{"embeddable":true,"href":"https:\/\/elpuclitico.cl\/index.php\/wp-json\/wp\/v2\/comments?post=4846"}],"version-history":[{"count":1,"href":"https:\/\/elpuclitico.cl\/index.php\/wp-json\/wp\/v2\/posts\/4846\/revisions"}],"predecessor-version":[{"id":4848,"href":"https:\/\/elpuclitico.cl\/index.php\/wp-json\/wp\/v2\/posts\/4846\/revisions\/4848"}],"wp:featuredmedia":[{"embeddable":true,"href":"https:\/\/elpuclitico.cl\/index.php\/wp-json\/wp\/v2\/media\/4849"}],"wp:attachment":[{"href":"https:\/\/elpuclitico.cl\/index.php\/wp-json\/wp\/v2\/media?parent=4846"}],"wp:term":[{"taxonomy":"category","embeddable":true,"href":"https:\/\/elpuclitico.cl\/index.php\/wp-json\/wp\/v2\/categories?post=4846"},{"taxonomy":"post_tag","embeddable":true,"href":"https:\/\/elpuclitico.cl\/index.php\/wp-json\/wp\/v2\/tags?post=4846"}],"curies":[{"name":"wp","href":"https:\/\/api.w.org\/{rel}","templated":true}]}}