{"id":4850,"date":"2026-03-11T23:44:33","date_gmt":"2026-03-11T23:44:33","guid":{"rendered":"https:\/\/elpuclitico.cl\/?p=4850"},"modified":"2026-03-21T18:13:09","modified_gmt":"2026-03-21T18:13:09","slug":"nueva-ministra-de-educacion-queremos-transitar-hacia-un-cambio-en-las-prioridades-educacionales","status":"publish","type":"post","link":"https:\/\/elpuclitico.cl\/index.php\/2026\/03\/11\/nueva-ministra-de-educacion-queremos-transitar-hacia-un-cambio-en-las-prioridades-educacionales\/","title":{"rendered":"Nueva ministra de Educaci\u00f3n: \u201cQueremos transitar hacia un cambio en las prioridades educacionales\u201d"},"content":{"rendered":"\n<p><em>Mar\u00eda Paz Arzola, en sus primeras palabras p\u00fablicas, se\u00f1al\u00f3 que las prioridades del sistema \u201cen la \u00faltima d\u00e9cada han estado extraviadas\u201d y adelant\u00f3 que se buscar\u00e1 cambiar el trato hacia colegios y familias.<\/em><\/p>\n\n\n\n<p>Sin entrar en muchos detalles, Mar\u00eda Paz Arzola, la nueva ministra de Educaci\u00f3n, dio las primeras luces de lo que ser\u00eda la administraci\u00f3n de la cartera. Se trata de las primeras palabras emitidas por la autoridad, presentadas en el hito de inicio del a\u00f1o escolar del Liceo Augusto D\u00b4Halmar. Seg\u00fan se\u00f1al\u00f3, la educaci\u00f3n ser\u00e1 una de las prioridades del nuevo gobierno.<\/p>\n\n\n\n<p>La ingeniera comercial de la Universidad Cat\u00f3lica destac\u00f3 el establecimiento como un ejemplo de que \u201cla educaci\u00f3n p\u00fablica puede ser de excelencia\u201d. Asimismo, se refiri\u00f3 a los \u00faltimos resultados de la prueba SIMCE, los cuales evidencian un estancamiento en la mejoras del sistema educativo durante m\u00e1s de una d\u00e9cada.<\/p>\n\n\n\n<p><strong>\u201c<\/strong>Como Ministerio de Educaci\u00f3n nuestro compromiso es claro (&#8230;) En estos cuatro a\u00f1os de gobierno queremos avanzar en un cambio de trato hacia los colegios y hacia las familias del pa\u00eds\u201d, se\u00f1al\u00f3 la ministra.<\/p>\n\n\n\n<p>En esa l\u00ednea, asegur\u00f3 que la cartera buscar\u00e1 avanzar hacia un Estado que cumpla un rol facilitador y no obstaculizador frente a las exigencias burocr\u00e1ticas que enfrentan los directores escolares, adem\u00e1s de apuntar a un Estado que reconozca el \u201cesfuerzo y el m\u00e9rito\u201d.<\/p>\n\n\n\n<p>\u201cQueremos transitar hacia un cambio en las prioridades en materia educacional, que en la \u00faltima d\u00e9cada lamentablemente han estado extraviadas\u201d, asegur\u00f3. El foco, se\u00f1al\u00f3, ser\u00eda el aprendizaje y el bienestar estudiantil, con especial \u00e9nfasis en la educaci\u00f3n parvularia como un nivel clave en el desarrollo.<\/p>\n\n\n\n<p>Por \u00faltimo, la ministra agradeci\u00f3 al presidente de la Rep\u00fablica, Jos\u00e9 Antonio Kast, por situar la educaci\u00f3n en una de las prioridades del nuevo gobierno. \u201cEse es el esp\u00edritu con el que queremos comenzar este a\u00f1o, con la convicci\u00f3n de que cada estudiante de Chile merece oportunidad de aprendizaje de calidad\u201d, concluy\u00f3.<\/p>\n","protected":false},"excerpt":{"rendered":"<p>Mar\u00eda Paz Arzola, en sus primeras palabras p\u00fablicas, se\u00f1al\u00f3 que las prioridades del sistema \u201cen la \u00faltima d\u00e9cada han estado extraviadas\u201d y adelant\u00f3 que se buscar\u00e1 cambiar el trato hacia colegios y familias. Sin entrar en muchos detalles, Mar\u00eda Paz Arzola, la nueva ministra de Educaci\u00f3n, dio las primeras luces de lo que ser\u00eda la [&hellip;]<\/p>\n","protected":false},"author":6,"featured_media":4851,"comment_status":"closed","ping_status":"closed","sticky":false,"template":"","format":"standard","meta":{"_eb_attr":"","_gspb_post_css":"","om_disable_all_campaigns":false,"_monsterinsights_skip_tracking":false,"_monsterinsights_sitenote_active":false,"_monsterinsights_sitenote_note":"","_monsterinsights_sitenote_category":0,"footnotes":""},"categories":[14],"tags":[22],"class_list":["post-4850","post","type-post","status-publish","format-standard","has-post-thumbnail","hentry","category-actualidad","tag-destacado"],"blocksy_meta":[],"aioseo_notices":[],"_links":{"self":[{"href":"https:\/\/elpuclitico.cl\/index.php\/wp-json\/wp\/v2\/posts\/4850","targetHints":{"allow":["GET"]}}],"collection":[{"href":"https:\/\/elpuclitico.cl\/index.php\/wp-json\/wp\/v2\/posts"}],"about":[{"href":"https:\/\/elpuclitico.cl\/index.php\/wp-json\/wp\/v2\/types\/post"}],"author":[{"embeddable":true,"href":"https:\/\/elpuclitico.cl\/index.php\/wp-json\/wp\/v2\/users\/6"}],"replies":[{"embeddable":true,"href":"https:\/\/elpuclitico.cl\/index.php\/wp-json\/wp\/v2\/comments?post=4850"}],"version-history":[{"count":1,"href":"https:\/\/elpuclitico.cl\/index.php\/wp-json\/wp\/v2\/posts\/4850\/revisions"}],"predecessor-version":[{"id":4852,"href":"https:\/\/elpuclitico.cl\/index.php\/wp-json\/wp\/v2\/posts\/4850\/revisions\/4852"}],"wp:featuredmedia":[{"embeddable":true,"href":"https:\/\/elpuclitico.cl\/index.php\/wp-json\/wp\/v2\/media\/4851"}],"wp:attachment":[{"href":"https:\/\/elpuclitico.cl\/index.php\/wp-json\/wp\/v2\/media?parent=4850"}],"wp:term":[{"taxonomy":"category","embeddable":true,"href":"https:\/\/elpuclitico.cl\/index.php\/wp-json\/wp\/v2\/categories?post=4850"},{"taxonomy":"post_tag","embeddable":true,"href":"https:\/\/elpuclitico.cl\/index.php\/wp-json\/wp\/v2\/tags?post=4850"}],"curies":[{"name":"wp","href":"https:\/\/api.w.org\/{rel}","templated":true}]}}