{"id":4860,"date":"2026-03-14T00:59:20","date_gmt":"2026-03-14T00:59:20","guid":{"rendered":"https:\/\/elpuclitico.cl\/?p=4860"},"modified":"2026-03-14T01:06:39","modified_gmt":"2026-03-14T01:06:39","slug":"estudiante-uc-gana-diploma-en-juegos-paralimpicos-de-invierno","status":"publish","type":"post","link":"https:\/\/elpuclitico.cl\/index.php\/2026\/03\/14\/estudiante-uc-gana-diploma-en-juegos-paralimpicos-de-invierno\/","title":{"rendered":"Estudiante UC logra sexto lugar en Eslalon Gigante de los Juegos Paral\u00edmpicos de Invierno"},"content":{"rendered":"\n<p><em>Este viernes, Nicol\u00e1s Bisquertt, esquiador de Ingenier\u00eda UC, se llev\u00f3 un nuevo diploma paral\u00edmpico en Mil\u00e1n-Cortina 2026, logrando la mejor posici\u00f3n nacional en la historia de la competencia.<\/em><\/p>\n\n\n\n<p>El estudiante de Ingenier\u00eda UC y esquiador nacional, Nicol\u00e1s Bisquertt, hizo historia en los Juegos Paral\u00edmpicos de Invierno Mil\u00e1n-Cortina 2026 al adjudicarse un nuevo diploma paral\u00edmpico en la prueba de Eslalon Gigante, ganando el sexto lugar en esta competencia.<\/p>\n\n\n\n<p>Con este logro, el deportista firm\u00f3 la mejor actuaci\u00f3n de Chile en esta disciplina tras completar el recorrido con un tiempo de 2 minutos, 18 segundos y 13 d\u00e9cimas. En una competencia de alta exigencia donde se enfrentaron 38 deportistas en pista, Bisquertt demostr\u00f3 su jerarqu\u00eda t\u00e9cnica al ubicarse entre los mejores exponentes de la prueba.<\/p>\n\n\n\n<p>Este resultado mejora lo conseguido por el propio atleta d\u00edas antes en Mil\u00e1n-Cortina, cuando finaliz\u00f3 en el octavo puesto de la prueba de S\u00faper Gigante, consiguiendo el primer diploma paral\u00edmpico para Chile en esta edici\u00f3n.&nbsp;<\/p>\n\n\n\n<p>A estos hitos se suma su noveno lugar en el Combinado Alpino, redondeando una participaci\u00f3n sobresaliente en la que el esquiador ya ha firmado dos r\u00e9cords nacionales y ha consolidado su presencia en la \u00e9lite mundial de los deportes de invierno.<\/p>\n\n\n\n<p>Con esta actuaci\u00f3n, Bisquertt suma su quinto resultado dentro del Top 10 en la historia de los Juegos Paral\u00edmpicos de Invierno. Su trayectoria de excelencia incluye un noveno puesto en el Super Combinado de Beijing 2022 y un noveno lugar en el Eslalon de PyeongChang 2018, lo que demuestra una consistencia competitiva a trav\u00e9s de tres citas ol\u00edmpicas consecutivas.<\/p>\n\n\n\n<p>Pese al \u00e9xito alcanzado, la participaci\u00f3n del chileno en la nieve italiana a\u00fan no termina. Nicol\u00e1s Bisquertt tendr\u00e1 una \u00faltima oportunidad de ampliar su legado este domingo en la prueba de eslalon, instancia que marcar\u00e1 el cierre definitivo de su paso por Mil\u00e1n-Cortina 2026.<\/p>\n\n\n\n<p>Cabe recordar que Nicol\u00e1s Bisquertt es el \u00fanico chileno en llegar a los Juegos Paral\u00edmpicos de Invierno Mil\u00e1n-Cortina 2026.<\/p>\n","protected":false},"excerpt":{"rendered":"<p>Este viernes, Nicol\u00e1s Bisquertt, esquiador de Ingenier\u00eda UC, se llev\u00f3 un nuevo diploma paral\u00edmpico en Mil\u00e1n-Cortina 2026, logrando la mejor posici\u00f3n nacional en la historia de la competencia. El estudiante de Ingenier\u00eda UC y esquiador nacional, Nicol\u00e1s Bisquertt, hizo historia en los Juegos Paral\u00edmpicos de Invierno Mil\u00e1n-Cortina 2026 al adjudicarse un nuevo diploma paral\u00edmpico en [&hellip;]<\/p>\n","protected":false},"author":1,"featured_media":4861,"comment_status":"closed","ping_status":"closed","sticky":false,"template":"","format":"standard","meta":{"_eb_attr":"","_gspb_post_css":"","om_disable_all_campaigns":false,"_monsterinsights_skip_tracking":false,"_monsterinsights_sitenote_active":false,"_monsterinsights_sitenote_note":"","_monsterinsights_sitenote_category":0,"footnotes":""},"categories":[46],"tags":[],"class_list":["post-4860","post","type-post","status-publish","format-standard","has-post-thumbnail","hentry","category-deportes"],"blocksy_meta":[],"aioseo_notices":[],"_links":{"self":[{"href":"https:\/\/elpuclitico.cl\/index.php\/wp-json\/wp\/v2\/posts\/4860","targetHints":{"allow":["GET"]}}],"collection":[{"href":"https:\/\/elpuclitico.cl\/index.php\/wp-json\/wp\/v2\/posts"}],"about":[{"href":"https:\/\/elpuclitico.cl\/index.php\/wp-json\/wp\/v2\/types\/post"}],"author":[{"embeddable":true,"href":"https:\/\/elpuclitico.cl\/index.php\/wp-json\/wp\/v2\/users\/1"}],"replies":[{"embeddable":true,"href":"https:\/\/elpuclitico.cl\/index.php\/wp-json\/wp\/v2\/comments?post=4860"}],"version-history":[{"count":3,"href":"https:\/\/elpuclitico.cl\/index.php\/wp-json\/wp\/v2\/posts\/4860\/revisions"}],"predecessor-version":[{"id":4866,"href":"https:\/\/elpuclitico.cl\/index.php\/wp-json\/wp\/v2\/posts\/4860\/revisions\/4866"}],"wp:featuredmedia":[{"embeddable":true,"href":"https:\/\/elpuclitico.cl\/index.php\/wp-json\/wp\/v2\/media\/4861"}],"wp:attachment":[{"href":"https:\/\/elpuclitico.cl\/index.php\/wp-json\/wp\/v2\/media?parent=4860"}],"wp:term":[{"taxonomy":"category","embeddable":true,"href":"https:\/\/elpuclitico.cl\/index.php\/wp-json\/wp\/v2\/categories?post=4860"},{"taxonomy":"post_tag","embeddable":true,"href":"https:\/\/elpuclitico.cl\/index.php\/wp-json\/wp\/v2\/tags?post=4860"}],"curies":[{"name":"wp","href":"https:\/\/api.w.org\/{rel}","templated":true}]}}