{"id":4867,"date":"2026-03-14T17:43:03","date_gmt":"2026-03-14T17:43:03","guid":{"rendered":"https:\/\/elpuclitico.cl\/?p=4867"},"modified":"2026-03-14T19:09:54","modified_gmt":"2026-03-14T19:09:54","slug":"presidente-jose-antonio-kast-anuncia-ajustes-a-gratuidad-universitaria-y-cae","status":"publish","type":"post","link":"https:\/\/elpuclitico.cl\/index.php\/2026\/03\/14\/presidente-jose-antonio-kast-anuncia-ajustes-a-gratuidad-universitaria-y-cae\/","title":{"rendered":"Presidente Jos\u00e9 Antonio Kast anuncia ajustes a gratuidad universitaria y CAE"},"content":{"rendered":"\n<p>Durante la jornada de este s\u00e1bado, en un punto de prensa en la regi\u00f3n del Biob\u00edo en el contexto de la reconstrucci\u00f3n de viviendas tras los incendios forestales, el presidente Jos\u00e9 Antonio Kast entreg\u00f3 detalles del nuevo proyecto de ley \u201cReconstrucci\u00f3n Nacional\u201d, el cual contempla ajustes al beneficio de la gratuidad universitaria y al Cr\u00e9dito con Aval del Estado (CAE).<\/p>\n\n\n\n<p>La iniciativa incluye 40 medidas organizadas en cinco ejes principales: reconstrucci\u00f3n de viviendas, reactivaci\u00f3n econ\u00f3mica, fortalecimiento de instituciones, ordenamiento de las finanzas p\u00fablicas y mejoras en la seguridad. El ministro de Vivienda y Urbanismo, Iv\u00e1n Poduje, ser\u00e1 el encargado de liderar la implementaci\u00f3n del plan para las reconstrucciones en Valpara\u00edso, \u00d1uble y Biob\u00edo.<\/p>\n\n\n\n<p>En materia fiscal, el gobierno anunci\u00f3 medidas de contenci\u00f3n del gasto mediante ajustes a la gratuidad universitaria, limitando el beneficio a estudiantes menores de 30 a\u00f1os y frenando la extensi\u00f3n a nuevos deciles. A ello se suman la inclusi\u00f3n de moratoria para el ingreso de nuevas universidades al sistema y el fortalecimiento de los mecanismos de cobro del Cr\u00e9dito con Aval del Estado (CAE).<\/p>\n","protected":false},"excerpt":{"rendered":"<p>Durante la jornada de este s\u00e1bado, en un punto de prensa en la regi\u00f3n del Biob\u00edo en el contexto de la reconstrucci\u00f3n de viviendas tras los incendios forestales, el presidente Jos\u00e9 Antonio Kast entreg\u00f3 detalles del nuevo proyecto de ley \u201cReconstrucci\u00f3n Nacional\u201d, el cual contempla ajustes al beneficio de la gratuidad universitaria y al Cr\u00e9dito [&hellip;]<\/p>\n","protected":false},"author":1,"featured_media":4875,"comment_status":"closed","ping_status":"closed","sticky":false,"template":"","format":"standard","meta":{"_eb_attr":"","_gspb_post_css":"","om_disable_all_campaigns":false,"_monsterinsights_skip_tracking":false,"_monsterinsights_sitenote_active":false,"_monsterinsights_sitenote_note":"","_monsterinsights_sitenote_category":0,"footnotes":""},"categories":[14],"tags":[],"class_list":["post-4867","post","type-post","status-publish","format-standard","has-post-thumbnail","hentry","category-actualidad"],"blocksy_meta":[],"aioseo_notices":[],"_links":{"self":[{"href":"https:\/\/elpuclitico.cl\/index.php\/wp-json\/wp\/v2\/posts\/4867","targetHints":{"allow":["GET"]}}],"collection":[{"href":"https:\/\/elpuclitico.cl\/index.php\/wp-json\/wp\/v2\/posts"}],"about":[{"href":"https:\/\/elpuclitico.cl\/index.php\/wp-json\/wp\/v2\/types\/post"}],"author":[{"embeddable":true,"href":"https:\/\/elpuclitico.cl\/index.php\/wp-json\/wp\/v2\/users\/1"}],"replies":[{"embeddable":true,"href":"https:\/\/elpuclitico.cl\/index.php\/wp-json\/wp\/v2\/comments?post=4867"}],"version-history":[{"count":1,"href":"https:\/\/elpuclitico.cl\/index.php\/wp-json\/wp\/v2\/posts\/4867\/revisions"}],"predecessor-version":[{"id":4869,"href":"https:\/\/elpuclitico.cl\/index.php\/wp-json\/wp\/v2\/posts\/4867\/revisions\/4869"}],"wp:featuredmedia":[{"embeddable":true,"href":"https:\/\/elpuclitico.cl\/index.php\/wp-json\/wp\/v2\/media\/4875"}],"wp:attachment":[{"href":"https:\/\/elpuclitico.cl\/index.php\/wp-json\/wp\/v2\/media?parent=4867"}],"wp:term":[{"taxonomy":"category","embeddable":true,"href":"https:\/\/elpuclitico.cl\/index.php\/wp-json\/wp\/v2\/categories?post=4867"},{"taxonomy":"post_tag","embeddable":true,"href":"https:\/\/elpuclitico.cl\/index.php\/wp-json\/wp\/v2\/tags?post=4867"}],"curies":[{"name":"wp","href":"https:\/\/api.w.org\/{rel}","templated":true}]}}