{"id":4870,"date":"2026-03-14T18:53:14","date_gmt":"2026-03-14T18:53:14","guid":{"rendered":"https:\/\/elpuclitico.cl\/?p=4870"},"modified":"2026-03-14T19:04:59","modified_gmt":"2026-03-14T19:04:59","slug":"mara-sedini-aclara-que-ajustes-a-gratuidad-y-cae-aun-se-encuentran-en-un-primer-borrador","status":"publish","type":"post","link":"https:\/\/elpuclitico.cl\/index.php\/2026\/03\/14\/mara-sedini-aclara-que-ajustes-a-gratuidad-y-cae-aun-se-encuentran-en-un-primer-borrador\/","title":{"rendered":"Mara Sedini aclara que ajustes a gratuidad y CAE a\u00fan se encuentran en un \u201cprimer borrador\u201d"},"content":{"rendered":"\n<p>Durante la ma\u00f1ana de este s\u00e1bado, la ministra vocera de Gobierno, Mara Sedini, encabez\u00f3 un punto de prensa en Vi\u00f1a del Mar con el ministro de Vivienda, Iv\u00e1n Poduje, en el contexto del lanzamiento del proyecto de ley \u201cReconstrucci\u00f3n Nacional\u201d. A su vez, el proyecto estaba siendo presentado en Lirqu\u00e9n por el presidente Jos\u00e9 Antonio Kast y el ministro de Hacienda Jorge Quiroz.&nbsp;<\/p>\n\n\n\n<p>Seg\u00fan se\u00f1al\u00f3, las medidas concretas del CAE y gratuidad a\u00fan se encuentran en desarrollo, manteni\u00e9ndose dentro de un \u201cprimer borrador\u201d del proyecto de ley. \u201cVan a ir saliendo las especificaciones a medida que se avance\u201d, aclar\u00f3.<\/p>\n\n\n\n<p>La vocera sostuvo que los beneficios ser\u00e1n revisados para \u201cponer orden\u201d a partir del complejo escenario fiscal se\u00f1alado por el gobierno. Tras ser consultada sobre la menci\u00f3n de la gratuidad universitaria y el CAE en el eje de ordenamiento fiscal del proyecto de ley, coment\u00f3 que las medidas tienen por objetivo \u201cresguardar y cuidar c\u00f3mo se entregan ciertos beneficios, c\u00f3mo se entregan los subsidios\u201d.<\/p>\n\n\n\n<p>Asimismo, indic\u00f3 que hay varios subsidios que son entregados de manera irregular, con inclusive asignaciones a personas que han fallecido. \u201cAqu\u00ed hay desorden\u201d, afirm\u00f3, \u201cy quienes salen perjudicados son las personas que lo necesitan\u201d.<\/p>\n\n\n\n<p>Sobre posibles movilizaciones estudiantiles, sostuvo: \u201cLas movilizaciones dentro de los est\u00e1ndares institucionales son siempre parte de la manifestaci\u00f3n democr\u00e1tica en orden y en paz (&#8230;) Lo que no esperamos es ver lo que vimos el otro d\u00eda, manifestaciones violentas frente a la institucionalidad\u201d.<\/p>\n","protected":false},"excerpt":{"rendered":"<p>Durante la ma\u00f1ana de este s\u00e1bado, la ministra vocera de Gobierno, Mara Sedini, encabez\u00f3 un punto de prensa en Vi\u00f1a del Mar con el ministro de Vivienda, Iv\u00e1n Poduje, en el contexto del lanzamiento del proyecto de ley \u201cReconstrucci\u00f3n Nacional\u201d. A su vez, el proyecto estaba siendo presentado en Lirqu\u00e9n por el presidente Jos\u00e9 Antonio [&hellip;]<\/p>\n","protected":false},"author":1,"featured_media":4874,"comment_status":"closed","ping_status":"closed","sticky":false,"template":"","format":"standard","meta":{"_eb_attr":"","_gspb_post_css":"","om_disable_all_campaigns":false,"_monsterinsights_skip_tracking":false,"_monsterinsights_sitenote_active":false,"_monsterinsights_sitenote_note":"","_monsterinsights_sitenote_category":0,"footnotes":""},"categories":[14],"tags":[],"class_list":["post-4870","post","type-post","status-publish","format-standard","has-post-thumbnail","hentry","category-actualidad"],"blocksy_meta":[],"aioseo_notices":[],"_links":{"self":[{"href":"https:\/\/elpuclitico.cl\/index.php\/wp-json\/wp\/v2\/posts\/4870","targetHints":{"allow":["GET"]}}],"collection":[{"href":"https:\/\/elpuclitico.cl\/index.php\/wp-json\/wp\/v2\/posts"}],"about":[{"href":"https:\/\/elpuclitico.cl\/index.php\/wp-json\/wp\/v2\/types\/post"}],"author":[{"embeddable":true,"href":"https:\/\/elpuclitico.cl\/index.php\/wp-json\/wp\/v2\/users\/1"}],"replies":[{"embeddable":true,"href":"https:\/\/elpuclitico.cl\/index.php\/wp-json\/wp\/v2\/comments?post=4870"}],"version-history":[{"count":1,"href":"https:\/\/elpuclitico.cl\/index.php\/wp-json\/wp\/v2\/posts\/4870\/revisions"}],"predecessor-version":[{"id":4872,"href":"https:\/\/elpuclitico.cl\/index.php\/wp-json\/wp\/v2\/posts\/4870\/revisions\/4872"}],"wp:featuredmedia":[{"embeddable":true,"href":"https:\/\/elpuclitico.cl\/index.php\/wp-json\/wp\/v2\/media\/4874"}],"wp:attachment":[{"href":"https:\/\/elpuclitico.cl\/index.php\/wp-json\/wp\/v2\/media?parent=4870"}],"wp:term":[{"taxonomy":"category","embeddable":true,"href":"https:\/\/elpuclitico.cl\/index.php\/wp-json\/wp\/v2\/categories?post=4870"},{"taxonomy":"post_tag","embeddable":true,"href":"https:\/\/elpuclitico.cl\/index.php\/wp-json\/wp\/v2\/tags?post=4870"}],"curies":[{"name":"wp","href":"https:\/\/api.w.org\/{rel}","templated":true}]}}