{"id":4877,"date":"2026-03-15T16:03:48","date_gmt":"2026-03-15T16:03:48","guid":{"rendered":"https:\/\/elpuclitico.cl\/?p=4877"},"modified":"2026-03-15T20:56:33","modified_gmt":"2026-03-15T20:56:33","slug":"la-hipocresia-del-gobierno-de-emergencia","status":"publish","type":"post","link":"https:\/\/elpuclitico.cl\/index.php\/2026\/03\/15\/la-hipocresia-del-gobierno-de-emergencia\/","title":{"rendered":"La hipocres\u00eda del \u201cgobierno de emergencia\u201d"},"content":{"rendered":"\n<p>El pasado 11 de marzo asumi\u00f3 la presidencia Jos\u00e9 Antonio Kast, manteniendo la narrativa de urgencia y crisis econ\u00f3mica que marc\u00f3 su campa\u00f1a. Se ha presentado ante el pa\u00eds como un hombre austero y sencillo, justificando bajo esa premisa su decisi\u00f3n de residir en el Palacio de La Moneda. Sin embargo, cabe preguntarse: \u00bfes esto realmente austero? Nuestra casa de gobierno no se encontraba en condiciones para servir como residencia particular. Si bien las adaptaciones estructurales exclusivamente de su habitaci\u00f3n ser\u00e1n costeadas por el mandatario, el solo hecho de habilitar una residencia presidencial en dicho recinto aumenta exponencialmente los gastos de mantenimiento y seguridad en el \u00e1rea, los cuales ser\u00e1n financiados por todos los chilenos.<\/p>\n\n\n\n<p>Resulta contradictorio que, en su primer discurso, se\u00f1ale haber recibido un pa\u00eds con \u00abfinanzas p\u00fablicas debilitadas\u00bb y en \u00abpeores condiciones de las que pod\u00edamos imaginar\u00bb, mientras viste la banda presidencial con el escudo bordado en hilo de oro y se traslada en helic\u00f3ptero desde Valpara\u00edso. La austeridad no puede ni debe ser un eslogan de campa\u00f1a, sino un ejercicio de coherencia entre el discurso p\u00fablico y la pol\u00edtica empleada.<\/p>\n\n\n\n<p>Sin embargo, la hipocres\u00eda no se limita solo al escenario econ\u00f3mico. Es impresentable que durante todo el mandato del expresidente Gabriel Boric se haya criticado de manera tan enf\u00e1tica el hecho de que no ocupara corbata y a la ministra Camila Vallejo por tener tatuajes visibles; sin embargo Mara Sedini, la nueva vocera de gobierno, se presenta al cambio de mando con un pronunciado escote, que bajo los mismos est\u00e1ndares resulta antiprotocolar. Podemos estar de acuerdo o no con los c\u00f3digos de vestimenta, con el uso de la corbata o la visibilidad de los tatuajes, pero a\u00fan as\u00ed, la contradicci\u00f3n es evidente.<\/p>\n\n\n\n<p>Para finalizar, me parece imperativo recalcar el cambio en la agenda period\u00edstica que han tenido los canales de televisi\u00f3n. De la noche a la ma\u00f1ana, baj\u00f3 dr\u00e1sticamente la cobertura de asaltos y cr\u00edmenes violentos; ahora los matinales buscan \u00abpicadas para los martes de pololeo\u00bb y admiran la rapidez de los actos del nuevo presidente bajo su eslogan \u00abTrabajando para usted\u00bb.<\/p>\n\n\n\n<p>El <em>ethos<\/em> de este \u00abgobierno de emergencia\u00bb resulta inquietante. Instalar una narrativa fomentada por el estado de alarma permanente corre el riesgo de nublar el juicio cr\u00edtico de la ciudadan\u00eda y aceptar, bajo el nombre de la urgencia, un modelo de gobernanza potencialmente peligroso y proyectos que no son nada m\u00e1s que perjudiciales, como sus recientes declaraciones respecto a los ajustes a la gratuidad universitaria y el CAE.<\/p>\n\n\n\n<p>No permitamos que el miedo se convierta en pol\u00edtica de estado.<\/p>\n\n\n\n<p><em>Sof\u00eda Gonz\u00e1lez<\/em><em><\/em><\/p>\n\n\n\n<p><em>Estudiante de College de Ciencias Sociales<\/em><\/p>\n\n\n\n<p><\/p>\n","protected":false},"excerpt":{"rendered":"<p>El pasado 11 de marzo asumi\u00f3 la presidencia Jos\u00e9 Antonio Kast, manteniendo la narrativa de urgencia y crisis econ\u00f3mica que marc\u00f3 su campa\u00f1a. Se ha presentado ante el pa\u00eds como un hombre austero y sencillo, justificando bajo esa premisa su decisi\u00f3n de residir en el Palacio de La Moneda. Sin embargo, cabe preguntarse: \u00bfes esto [&hellip;]<\/p>\n","protected":false},"author":1,"featured_media":4878,"comment_status":"closed","ping_status":"closed","sticky":false,"template":"","format":"standard","meta":{"_eb_attr":"","_gspb_post_css":"","om_disable_all_campaigns":false,"_monsterinsights_skip_tracking":false,"_monsterinsights_sitenote_active":false,"_monsterinsights_sitenote_note":"","_monsterinsights_sitenote_category":0,"footnotes":""},"categories":[12,21],"tags":[],"class_list":["post-4877","post","type-post","status-publish","format-standard","has-post-thumbnail","hentry","category-columnas-de-opinion","category-opinion"],"blocksy_meta":[],"aioseo_notices":[],"_links":{"self":[{"href":"https:\/\/elpuclitico.cl\/index.php\/wp-json\/wp\/v2\/posts\/4877","targetHints":{"allow":["GET"]}}],"collection":[{"href":"https:\/\/elpuclitico.cl\/index.php\/wp-json\/wp\/v2\/posts"}],"about":[{"href":"https:\/\/elpuclitico.cl\/index.php\/wp-json\/wp\/v2\/types\/post"}],"author":[{"embeddable":true,"href":"https:\/\/elpuclitico.cl\/index.php\/wp-json\/wp\/v2\/users\/1"}],"replies":[{"embeddable":true,"href":"https:\/\/elpuclitico.cl\/index.php\/wp-json\/wp\/v2\/comments?post=4877"}],"version-history":[{"count":2,"href":"https:\/\/elpuclitico.cl\/index.php\/wp-json\/wp\/v2\/posts\/4877\/revisions"}],"predecessor-version":[{"id":4883,"href":"https:\/\/elpuclitico.cl\/index.php\/wp-json\/wp\/v2\/posts\/4877\/revisions\/4883"}],"wp:featuredmedia":[{"embeddable":true,"href":"https:\/\/elpuclitico.cl\/index.php\/wp-json\/wp\/v2\/media\/4878"}],"wp:attachment":[{"href":"https:\/\/elpuclitico.cl\/index.php\/wp-json\/wp\/v2\/media?parent=4877"}],"wp:term":[{"taxonomy":"category","embeddable":true,"href":"https:\/\/elpuclitico.cl\/index.php\/wp-json\/wp\/v2\/categories?post=4877"},{"taxonomy":"post_tag","embeddable":true,"href":"https:\/\/elpuclitico.cl\/index.php\/wp-json\/wp\/v2\/tags?post=4877"}],"curies":[{"name":"wp","href":"https:\/\/api.w.org\/{rel}","templated":true}]}}