{"id":4884,"date":"2026-03-16T17:52:12","date_gmt":"2026-03-16T17:52:12","guid":{"rendered":"https:\/\/elpuclitico.cl\/?p=4884"},"modified":"2026-03-16T17:52:14","modified_gmt":"2026-03-16T17:52:14","slug":"el-nuevo-muro-de-berlin","status":"publish","type":"post","link":"https:\/\/elpuclitico.cl\/index.php\/2026\/03\/16\/el-nuevo-muro-de-berlin\/","title":{"rendered":"El nuevo muro de Berl\u00edn"},"content":{"rendered":"\n<p>La \u00faltima mitad de la d\u00e9cada ha estado protagonizada por una patolog\u00eda social extremadamente peligrosa: la polarizaci\u00f3n ideol\u00f3gica. Actualmente vivimos en una sociedad donde los matices son tomados como debilidad o amarillismos, donde ser objetivos a la hora de criticar o proponer medidas del color que sea te convierte inexorablemente en un ser ego\u00edsta, carente de conciencia social o \u2014por el contrario\u2014 en un fan\u00e1tico marxista.<\/p>\n\n\n\n<p>Las causas de este fen\u00f3meno son variadas; no hay que ser un erudito en la pol\u00edtica para entender la ra\u00edz del problema. Nuestras generaciones nacieron con cicatrices trazadas por el peso de la historia. El contexto internacional actual guarda similitudes importantes con las disputas por la influencia mundial entre las potencias de la Guerra Fr\u00eda y \u2014naturalmente, guardando la debida distancia\u2014 con la polarizaci\u00f3n que caracteriz\u00f3 el periodo de la UP y el r\u00e9gimen militar. La batalla cultural por el dominio ideol\u00f3gico y econ\u00f3mico es nuevamente el tema central mundial y nacional; la esencia defensora, luchadora y decisiva que nos define desde eras independentistas vuelve a aparecer, pero ahora contra nosotros mismos.<\/p>\n\n\n\n<p>Desde el estallido social hasta el d\u00eda de hoy, la divisi\u00f3n de la ciudadan\u00eda chilena ha sido tajantemente notoria: eres A o eres B. Las redes sociales, las <em>fake news<\/em> y el algoritmo no solo han ayudado a la proliferaci\u00f3n de fan\u00e1ticos ideol\u00f3gicos sin capacidad de argumentaci\u00f3n, sino que han creado un contexto nacional en el que la violencia y la mentira ganan protagonismo en el discurso de ciertos colores pol\u00edticos.<\/p>\n\n\n\n<p>El t\u00edtulo de esta columna de opini\u00f3n no es solo una analog\u00eda acertada sobre la realidad nacional, sino un recordatorio para concientizar sobre los horrores que ha tra\u00eddo consigo la falta de tolerancia y de di\u00e1logo. El muro de Berl\u00edn cay\u00f3 y el individuo aprendi\u00f3 \u2014por l\u00e1stima, moment\u00e1neamente\u2014 de la importancia del consenso.<\/p>\n\n\n\n<p>La democracia y la soberan\u00eda popular han sido una herramienta fundamental para medir las inquietudes del pueblo. Cada gobierno surge como respuesta directa a lo que nosotros \u2014como individuos\u2014 creemos necesario para el pa\u00eds y el bienestar de nuestro c\u00edrculo cercano. Pero la democracia empieza a ser un arma de doble filo cuando el ciudadano act\u00faa desde la ignorancia, el pensamiento colectivo y el fanatismo ideol\u00f3gico.<\/p>\n\n\n\n<p>Consumidos por la polarizaci\u00f3n, debemos esforzarnos desde la voluntad individual por informarnos, aprender a ceder y llegar a puntos medios. Es responsabilidad de nosotros \u2014no de los pol\u00edticos\u2014 armar un ambiente de respeto donde la libertad de expresi\u00f3n y la uni\u00f3n nos lleven a fortalecer la democracia y la institucionalidad.<\/p>\n\n\n\n<p>Como estudiantado, tenemos la obligaci\u00f3n de abrir espacios de di\u00e1logo; dejemos atr\u00e1s las posiciones antagonistas, la propaganda violentista y la negaci\u00f3n de los matices. En nuestras manos est\u00e1 comprendernos, debatir con altura y construir puentes en vez de levantar muros; porque seremos nosotros quienes ma\u00f1ana tendremos la tarea de construir un Chile mejor, y ese camino empieza hoy, aprendiendo a escucharnos y a pensar en conjunto.<\/p>\n\n\n\n<p>Esto no se trata de colores pol\u00edticos, sino de voluntad personal.<\/p>\n\n\n\n<p><em>Tom\u00e1s Sastre<\/em><em><\/em><\/p>\n\n\n\n<p><em>Estudiante de College de Ciencias Sociales<\/em><\/p>\n\n\n\n<p><\/p>\n","protected":false},"excerpt":{"rendered":"<p>La \u00faltima mitad de la d\u00e9cada ha estado protagonizada por una patolog\u00eda social extremadamente peligrosa: la polarizaci\u00f3n ideol\u00f3gica. Actualmente vivimos en una sociedad donde los matices son tomados como debilidad o amarillismos, donde ser objetivos a la hora de criticar o proponer medidas del color que sea te convierte inexorablemente en un ser ego\u00edsta, carente [&hellip;]<\/p>\n","protected":false},"author":1,"featured_media":4885,"comment_status":"closed","ping_status":"closed","sticky":false,"template":"","format":"standard","meta":{"_eb_attr":"","_gspb_post_css":"","om_disable_all_campaigns":false,"_monsterinsights_skip_tracking":false,"_monsterinsights_sitenote_active":false,"_monsterinsights_sitenote_note":"","_monsterinsights_sitenote_category":0,"footnotes":""},"categories":[12,21],"tags":[],"class_list":["post-4884","post","type-post","status-publish","format-standard","has-post-thumbnail","hentry","category-columnas-de-opinion","category-opinion"],"blocksy_meta":[],"aioseo_notices":[],"_links":{"self":[{"href":"https:\/\/elpuclitico.cl\/index.php\/wp-json\/wp\/v2\/posts\/4884","targetHints":{"allow":["GET"]}}],"collection":[{"href":"https:\/\/elpuclitico.cl\/index.php\/wp-json\/wp\/v2\/posts"}],"about":[{"href":"https:\/\/elpuclitico.cl\/index.php\/wp-json\/wp\/v2\/types\/post"}],"author":[{"embeddable":true,"href":"https:\/\/elpuclitico.cl\/index.php\/wp-json\/wp\/v2\/users\/1"}],"replies":[{"embeddable":true,"href":"https:\/\/elpuclitico.cl\/index.php\/wp-json\/wp\/v2\/comments?post=4884"}],"version-history":[{"count":1,"href":"https:\/\/elpuclitico.cl\/index.php\/wp-json\/wp\/v2\/posts\/4884\/revisions"}],"predecessor-version":[{"id":4886,"href":"https:\/\/elpuclitico.cl\/index.php\/wp-json\/wp\/v2\/posts\/4884\/revisions\/4886"}],"wp:featuredmedia":[{"embeddable":true,"href":"https:\/\/elpuclitico.cl\/index.php\/wp-json\/wp\/v2\/media\/4885"}],"wp:attachment":[{"href":"https:\/\/elpuclitico.cl\/index.php\/wp-json\/wp\/v2\/media?parent=4884"}],"wp:term":[{"taxonomy":"category","embeddable":true,"href":"https:\/\/elpuclitico.cl\/index.php\/wp-json\/wp\/v2\/categories?post=4884"},{"taxonomy":"post_tag","embeddable":true,"href":"https:\/\/elpuclitico.cl\/index.php\/wp-json\/wp\/v2\/tags?post=4884"}],"curies":[{"name":"wp","href":"https:\/\/api.w.org\/{rel}","templated":true}]}}