{"id":4887,"date":"2026-03-18T00:32:23","date_gmt":"2026-03-18T00:32:23","guid":{"rendered":"https:\/\/elpuclitico.cl\/?p=4887"},"modified":"2026-03-18T01:24:27","modified_gmt":"2026-03-18T01:24:27","slug":"recorte-a-ministerio-de-educacion-equivale-a-la-mitad-del-presupuesto-destinado-a-junaeb","status":"publish","type":"post","link":"https:\/\/elpuclitico.cl\/index.php\/2026\/03\/18\/recorte-a-ministerio-de-educacion-equivale-a-la-mitad-del-presupuesto-destinado-a-junaeb\/","title":{"rendered":"Recorte\u00a0a Ministerio de Educaci\u00f3n equivale a la mitad del presupuesto destinado a\u00a0Junaeb"},"content":{"rendered":"\n<p><em>El ministro de Hacienda, Jorge Quiroz, instruy\u00f3 a todas las carteras reducir su gasto en un 3% ante lo que calific\u00f3 como una situaci\u00f3n fiscal \u00abmuy compleja\u00bb. Educaci\u00f3n lidera las rebajas en t\u00e9rminos absolutos, con $524.000 millones.<\/em><\/p>\n\n\n\n<p>Este lunes por la ma\u00f1ana,&nbsp;el ministro de Hacienda, Jorge Quiroz, firm\u00f3 el oficio que ordena a todos los ministerios implementar un recorte del 3% en su gasto, en el marco de la Ley de Presupuesto 2026.&nbsp;La medida, de aplicaci\u00f3n transversal, golpea con especial fuerza a las carteras con mayores presupuestos, donde Educaci\u00f3n encabeza la lista.&nbsp;<\/p>\n\n\n\n<p>De acuerdo con un c\u00e1lculo basado en dicha ley, el Ministerio de Educaci\u00f3n deber\u00eda recortar aproximadamente $524.000 millones, la cifra m\u00e1s alta entre todas las carteras. Le siguen Salud con $517.000 millones, Trabajo con $506.000 millones, Vivienda con $200.000 millones, Obras P\u00fablicas con $131.000 millones y el Ministerio de Seguridad P\u00fablica con $72.000 millones.&nbsp;<\/p>\n\n\n\n<p>Para dimensionar el impacto, el monto que deber\u00eda ajustar Educaci\u00f3n es pr\u00e1cticamente equivalente al presupuesto completo de la Subsecretar\u00eda de Educaci\u00f3n&nbsp;Parvularia, que cuenta con $428.000 millones, de los cuales $407.000 millones corresponden a transferencias a la Fundaci\u00f3n Integra para financiar jardines infantiles. Adem\u00e1s, la cifra representa aproximadamente la mitad de los recursos destinados al programa de Alimentaci\u00f3n Escolar y&nbsp;Parvularia&nbsp;de la&nbsp;Junaeb.&nbsp;<\/p>\n\n\n\n<p>Por su parte, la Confederaci\u00f3n de Estudiantes de Chile (CONFECH), a trav\u00e9s de su Instagram, se\u00f1al\u00f3&nbsp;que \u201cla educaci\u00f3n no es una variable de ajuste\u201d, adem\u00e1s enfatizaron la existencia de v\u00ednculos empresariales y casos de colusi\u00f3n ligados al ministro Quiroz. \u201cDefender la educaci\u00f3n, la gratuidad y el financiamiento del sistema es una tarea urgente\u201d, concluyeron.&nbsp;<\/p>\n\n\n\n<p>La magnitud del recorte abre interrogantes sobre qu\u00e9 programas o transferencias podr\u00edan verse afectados, en un sector donde gran parte del gasto corresponde a compromisos ya adquiridos con instituciones, sostenedores y beneficiarios directos como ni\u00f1os y j\u00f3venes en edad escolar.&nbsp;<\/p>\n\n\n\n<p>Por ahora, el gobierno no ha especificado de qu\u00e9 partidas se realizar\u00e1n los ajustes en cada ministerio.&nbsp;<\/p>\n","protected":false},"excerpt":{"rendered":"<p>El ministro de Hacienda, Jorge Quiroz, instruy\u00f3 a todas las carteras reducir su gasto en un 3% ante lo que calific\u00f3 como una situaci\u00f3n fiscal \u00abmuy compleja\u00bb. Educaci\u00f3n lidera las rebajas en t\u00e9rminos absolutos, con $524.000 millones. Este lunes por la ma\u00f1ana,&nbsp;el ministro de Hacienda, Jorge Quiroz, firm\u00f3 el oficio que ordena a todos los [&hellip;]<\/p>\n","protected":false},"author":10,"featured_media":4888,"comment_status":"closed","ping_status":"closed","sticky":false,"template":"","format":"standard","meta":{"_eb_attr":"","_gspb_post_css":"","om_disable_all_campaigns":false,"_monsterinsights_skip_tracking":false,"_monsterinsights_sitenote_active":false,"_monsterinsights_sitenote_note":"","_monsterinsights_sitenote_category":0,"footnotes":""},"categories":[14],"tags":[22],"class_list":["post-4887","post","type-post","status-publish","format-standard","has-post-thumbnail","hentry","category-actualidad","tag-destacado"],"blocksy_meta":[],"aioseo_notices":[],"_links":{"self":[{"href":"https:\/\/elpuclitico.cl\/index.php\/wp-json\/wp\/v2\/posts\/4887","targetHints":{"allow":["GET"]}}],"collection":[{"href":"https:\/\/elpuclitico.cl\/index.php\/wp-json\/wp\/v2\/posts"}],"about":[{"href":"https:\/\/elpuclitico.cl\/index.php\/wp-json\/wp\/v2\/types\/post"}],"author":[{"embeddable":true,"href":"https:\/\/elpuclitico.cl\/index.php\/wp-json\/wp\/v2\/users\/10"}],"replies":[{"embeddable":true,"href":"https:\/\/elpuclitico.cl\/index.php\/wp-json\/wp\/v2\/comments?post=4887"}],"version-history":[{"count":2,"href":"https:\/\/elpuclitico.cl\/index.php\/wp-json\/wp\/v2\/posts\/4887\/revisions"}],"predecessor-version":[{"id":4890,"href":"https:\/\/elpuclitico.cl\/index.php\/wp-json\/wp\/v2\/posts\/4887\/revisions\/4890"}],"wp:featuredmedia":[{"embeddable":true,"href":"https:\/\/elpuclitico.cl\/index.php\/wp-json\/wp\/v2\/media\/4888"}],"wp:attachment":[{"href":"https:\/\/elpuclitico.cl\/index.php\/wp-json\/wp\/v2\/media?parent=4887"}],"wp:term":[{"taxonomy":"category","embeddable":true,"href":"https:\/\/elpuclitico.cl\/index.php\/wp-json\/wp\/v2\/categories?post=4887"},{"taxonomy":"post_tag","embeddable":true,"href":"https:\/\/elpuclitico.cl\/index.php\/wp-json\/wp\/v2\/tags?post=4887"}],"curies":[{"name":"wp","href":"https:\/\/api.w.org\/{rel}","templated":true}]}}