{"id":4998,"date":"2026-04-04T23:45:35","date_gmt":"2026-04-04T23:45:35","guid":{"rendered":"https:\/\/elpuclitico.cl\/?p=4998"},"modified":"2026-04-04T23:45:38","modified_gmt":"2026-04-04T23:45:38","slug":"los-que-siempre-pagan","status":"publish","type":"post","link":"https:\/\/elpuclitico.cl\/index.php\/2026\/04\/04\/los-que-siempre-pagan\/","title":{"rendered":"Los que siempre pagan"},"content":{"rendered":"\n<p>Hasta hace algunos meses, en plena campa\u00f1a presidencial, el actual Presidente de la Rep\u00fablica, Jos\u00e9 Antonio Kast, hablaba de la gran crisis que viv\u00eda el pa\u00eds y de la ola de injusticias de la que Chile era v\u00edctima. Sin embargo, \u00bfqu\u00e9 ha hecho en solo dos semanas de gobierno?<\/p>\n\n\n\n<p>Ha recortado el presupuesto de uno de los ministerios m\u00e1s importantes de nuestro pa\u00eds. Resulta il\u00f3gico hablar de progreso, evoluci\u00f3n y crecimiento cuando se precariza la educaci\u00f3n, especialmente la educaci\u00f3n parvularia. Un recorte del 3% puede parecer transversal en educaci\u00f3n, pero es irresponsable e injusto cuando afecta directamente a ni\u00f1os y ni\u00f1as, funcionarios y familias.<\/p>\n\n\n\n<p>Se proyecta pausar obras de infraestructura, lo que implica menos jardines infantiles de los que ya existen. Esto significa menos oportunidades laborales para educadoras y educadores de p\u00e1rvulos, t\u00e9cnicos en atenci\u00f3n parvularia y otros funcionarios. Pero, m\u00e1s grave a\u00fan, significa menos acceso para ni\u00f1os y ni\u00f1as al nivel educativo m\u00e1s importante de sus vidas.<\/p>\n\n\n\n<p>Se habla constantemente de la ni\u00f1ez, de la crisis y de una supuesta \u201cemergencia\u201d nacional, pero cabe preguntarse: \u00bfhabr\u00e1 progreso si disminuye el acceso a jardines p\u00fablicos? \u00bfHabr\u00e1 educaci\u00f3n de calidad si esta se precariza, se mercantiliza y se utiliza a la ni\u00f1ez como argumento pol\u00edtico? \u00bfSe habr\u00e1 pensado en un Ministerio de Educaci\u00f3n liderado en parte por ingenieros comerciales, que con educaci\u00f3n de calidad existan m\u00e1s oportunidades y m\u00e1s progreso para Chile, y no para los mismos de siempre?<\/p>\n\n\n\n<p>\u00bfQu\u00e9 se les dir\u00e1 a las familias, que viven con un sueldo m\u00ednimo de 500 mil pesos y con extensas jornadas laborales, cuando necesiten acceder a un jard\u00edn infantil? \u00bfSe les obligar\u00e1 a pagar 300 mil pesos en establecimientos particulares, con jornadas reducidas hasta el mediod\u00eda?<\/p>\n\n\n\n<p>\u00bfQu\u00e9 pasar\u00e1 con las madres j\u00f3venes que desean estudiar en la educaci\u00f3n superior, pero que ya no podr\u00e1n hacerlo por la reducci\u00f3n de beneficios estudiantiles, por la falta de redes de apoyo y educaci\u00f3n parvularia de calidad para sus hijos\/as?<\/p>\n\n\n\n<p>Se habla de emergencia, pero \u00bfde cu\u00e1l emergencia hablamos? \u00bfDe aquella donde el Presidente de la Rep\u00fablica y sus ministros ganan aproximadamente un sueldo 10 veces m\u00e1s alto que el promedio de las familias de Chile, mientras miles de familias sobreviven con ingresos insuficientes, largas jornadas laborales y altos niveles de estr\u00e9s?<\/p>\n\n\n\n<p>En solo dos semanas ya se vislumbra lo que podr\u00edan ser los pr\u00f3ximos cuatro a\u00f1os; reversionando los dichos del diputado \u00c1lvaro C\u00e1rter, parece que seremos pobres e infelices.<\/p>\n\n\n\n<p><em>Constanza Gallardo Miranda<\/em><\/p>\n\n\n\n<p><em>Estudiante de Pedagog\u00eda en Educaci\u00f3n Parvularia<\/em><\/p>\n\n\n\n<p><em>Directora General de CultivArte<\/em><\/p>\n\n\n\n<p><\/p>\n","protected":false},"excerpt":{"rendered":"<p>Hasta hace algunos meses, en plena campa\u00f1a presidencial, el actual Presidente de la Rep\u00fablica, Jos\u00e9 Antonio Kast, hablaba de la gran crisis que viv\u00eda el pa\u00eds y de la ola de injusticias de la que Chile era v\u00edctima. Sin embargo, \u00bfqu\u00e9 ha hecho en solo dos semanas de gobierno? Ha recortado el presupuesto de uno [&hellip;]<\/p>\n","protected":false},"author":1,"featured_media":4885,"comment_status":"closed","ping_status":"closed","sticky":false,"template":"","format":"standard","meta":{"_eb_attr":"","_gspb_post_css":"","om_disable_all_campaigns":false,"_monsterinsights_skip_tracking":false,"_monsterinsights_sitenote_active":false,"_monsterinsights_sitenote_note":"","_monsterinsights_sitenote_category":0,"footnotes":""},"categories":[12,21],"tags":[],"class_list":["post-4998","post","type-post","status-publish","format-standard","has-post-thumbnail","hentry","category-columnas-de-opinion","category-opinion"],"blocksy_meta":[],"aioseo_notices":[],"_links":{"self":[{"href":"https:\/\/elpuclitico.cl\/index.php\/wp-json\/wp\/v2\/posts\/4998","targetHints":{"allow":["GET"]}}],"collection":[{"href":"https:\/\/elpuclitico.cl\/index.php\/wp-json\/wp\/v2\/posts"}],"about":[{"href":"https:\/\/elpuclitico.cl\/index.php\/wp-json\/wp\/v2\/types\/post"}],"author":[{"embeddable":true,"href":"https:\/\/elpuclitico.cl\/index.php\/wp-json\/wp\/v2\/users\/1"}],"replies":[{"embeddable":true,"href":"https:\/\/elpuclitico.cl\/index.php\/wp-json\/wp\/v2\/comments?post=4998"}],"version-history":[{"count":1,"href":"https:\/\/elpuclitico.cl\/index.php\/wp-json\/wp\/v2\/posts\/4998\/revisions"}],"predecessor-version":[{"id":4999,"href":"https:\/\/elpuclitico.cl\/index.php\/wp-json\/wp\/v2\/posts\/4998\/revisions\/4999"}],"wp:featuredmedia":[{"embeddable":true,"href":"https:\/\/elpuclitico.cl\/index.php\/wp-json\/wp\/v2\/media\/4885"}],"wp:attachment":[{"href":"https:\/\/elpuclitico.cl\/index.php\/wp-json\/wp\/v2\/media?parent=4998"}],"wp:term":[{"taxonomy":"category","embeddable":true,"href":"https:\/\/elpuclitico.cl\/index.php\/wp-json\/wp\/v2\/categories?post=4998"},{"taxonomy":"post_tag","embeddable":true,"href":"https:\/\/elpuclitico.cl\/index.php\/wp-json\/wp\/v2\/tags?post=4998"}],"curies":[{"name":"wp","href":"https:\/\/api.w.org\/{rel}","templated":true}]}}