{"id":5125,"date":"2026-04-25T18:37:50","date_gmt":"2026-04-25T18:37:50","guid":{"rendered":"https:\/\/elpuclitico.cl\/?p=5125"},"modified":"2026-04-25T18:38:35","modified_gmt":"2026-04-25T18:38:35","slug":"estamos-en-crisis","status":"publish","type":"post","link":"https:\/\/elpuclitico.cl\/index.php\/2026\/04\/25\/estamos-en-crisis\/","title":{"rendered":"Estamos en crisis"},"content":{"rendered":"\n<p>Estimada directora: Hace m\u00e1s de un mes, el presidente Jos\u00e9 Antonio Kast, anunci\u00f3 un gobierno de emergencia y \u201ctiempos de austeridad\u201d. Ahora, \u00e9l mismo confiesa que utiliz\u00f3 fondos p\u00fablicos para financiar una cena organizada en el Palacio de La Moneda con excompa\u00f1eros de nuestra casa de estudios.<\/p>\n\n\n\n<p>El d\u00eda de ayer, el Ministerio de Hacienda envi\u00f3 a todos las carteras un documento con recomendaciones para realizar ajustes presupuestarios en el marco del Anteproyecto de la Ley de Presupuestos 2027, en el que se propone descontinuar programas tan fundamentales para la equidad y la movilidad social como el Programa de Alimentaci\u00f3n administrado por Junaeb, o el Programa de Acceso a la Educaci\u00f3n Superior (PACE).<\/p>\n\n\n\n<p>Lamentablemente, una vez m\u00e1s, las consecuencias de esta crisis las pagan aquellos que no figuran en la historia universal, sino en la cr\u00f3nica roja de la prensa local.<\/p>\n\n\n\n<p><em>V\u00edctor Mari\u00f1an<\/em><br><em>Arquitectura UC<\/em><br><em>Beneficiario del programa PACE<\/em><\/p>\n\n\n\n<p><\/p>\n","protected":false},"excerpt":{"rendered":"<p>Estimada directora: Hace m\u00e1s de un mes, el presidente Jos\u00e9 Antonio Kast, anunci\u00f3 un gobierno de emergencia y \u201ctiempos de austeridad\u201d. Ahora, \u00e9l mismo confiesa que utiliz\u00f3 fondos p\u00fablicos para financiar una cena organizada en el Palacio de La Moneda con excompa\u00f1eros de nuestra casa de estudios. El d\u00eda de ayer, el Ministerio de Hacienda [&hellip;]<\/p>\n","protected":false},"author":1,"featured_media":4900,"comment_status":"closed","ping_status":"closed","sticky":false,"template":"","format":"standard","meta":{"_eb_attr":"","_gspb_post_css":"","om_disable_all_campaigns":false,"_monsterinsights_skip_tracking":false,"_monsterinsights_sitenote_active":false,"_monsterinsights_sitenote_note":"","_monsterinsights_sitenote_category":0,"footnotes":""},"categories":[13,21],"tags":[],"class_list":["post-5125","post","type-post","status-publish","format-standard","has-post-thumbnail","hentry","category-carta-a-la-directora","category-opinion"],"blocksy_meta":[],"aioseo_notices":[],"_links":{"self":[{"href":"https:\/\/elpuclitico.cl\/index.php\/wp-json\/wp\/v2\/posts\/5125","targetHints":{"allow":["GET"]}}],"collection":[{"href":"https:\/\/elpuclitico.cl\/index.php\/wp-json\/wp\/v2\/posts"}],"about":[{"href":"https:\/\/elpuclitico.cl\/index.php\/wp-json\/wp\/v2\/types\/post"}],"author":[{"embeddable":true,"href":"https:\/\/elpuclitico.cl\/index.php\/wp-json\/wp\/v2\/users\/1"}],"replies":[{"embeddable":true,"href":"https:\/\/elpuclitico.cl\/index.php\/wp-json\/wp\/v2\/comments?post=5125"}],"version-history":[{"count":1,"href":"https:\/\/elpuclitico.cl\/index.php\/wp-json\/wp\/v2\/posts\/5125\/revisions"}],"predecessor-version":[{"id":5126,"href":"https:\/\/elpuclitico.cl\/index.php\/wp-json\/wp\/v2\/posts\/5125\/revisions\/5126"}],"wp:featuredmedia":[{"embeddable":true,"href":"https:\/\/elpuclitico.cl\/index.php\/wp-json\/wp\/v2\/media\/4900"}],"wp:attachment":[{"href":"https:\/\/elpuclitico.cl\/index.php\/wp-json\/wp\/v2\/media?parent=5125"}],"wp:term":[{"taxonomy":"category","embeddable":true,"href":"https:\/\/elpuclitico.cl\/index.php\/wp-json\/wp\/v2\/categories?post=5125"},{"taxonomy":"post_tag","embeddable":true,"href":"https:\/\/elpuclitico.cl\/index.php\/wp-json\/wp\/v2\/tags?post=5125"}],"curies":[{"name":"wp","href":"https:\/\/api.w.org\/{rel}","templated":true}]}}