{"id":5128,"date":"2026-04-25T19:47:31","date_gmt":"2026-04-25T19:47:31","guid":{"rendered":"https:\/\/elpuclitico.cl\/?p=5128"},"modified":"2026-04-25T19:48:17","modified_gmt":"2026-04-25T19:48:17","slug":"julieta-martinez-estudiante-uc-recibe-premio-juvenil-win-win-2026","status":"publish","type":"post","link":"https:\/\/elpuclitico.cl\/index.php\/2026\/04\/25\/julieta-martinez-estudiante-uc-recibe-premio-juvenil-win-win-2026\/","title":{"rendered":"Julieta Mart\u00ednez, estudiante UC, recibe Premio Juvenil WIN\u00a0WIN\u00a02026\u00a0"},"content":{"rendered":"\n<p><em>La activista y alumna de Antropolog\u00eda UC\u00a0fue distinguida\u00a0en el\u00a0Gothenburg\u00a0Sustainability\u00a0Summit\u00a02026, destacando su\u00a0aporte a la equidad de g\u00e9nero y la acci\u00f3n clim\u00e1tica desde el liderazgo joven.\u00a0<\/em><\/p>\n\n\n\n<p>Julieta Mart\u00ednez (22), activista chilena y estudiante de Antropolog\u00eda en la Pontificia Universidad Cat\u00f3lica de Chile, fue distinguida este martes 21 de abril con el Premio Juvenil WIN&nbsp;WIN&nbsp;durante el&nbsp;GothenburgSustainability&nbsp;Summit 2026. El foro anual, realizado en Suecia, es uno de los encuentros internacionales m\u00e1s relevantes en materia de sostenibilidad y cambio global.&nbsp;&nbsp;<\/p>\n\n\n\n<p>En esta edici\u00f3n, el foco estuvo puesto en las \u201csociedades con igualdad de g\u00e9nero\u201d, destacando el rol de las mujeres en el desarrollo sostenible, la resiliencia democr\u00e1tica y la construcci\u00f3n de paz. El jurado reconoci\u00f3 el trabajo de la activista por vincular justicia clim\u00e1tica con la equidad de g\u00e9nero, adem\u00e1s de promover el liderazgo de mujeres j\u00f3venes.&nbsp;&nbsp;<\/p>\n\n\n\n<p>\u201cEste reconocimiento es profundamente significativo para m\u00ed porque refuerza algo en lo que creo firmemente: en contextos como Am\u00e9rica Latina, avanzar en igualdad de g\u00e9nero no se trata de caridad ni de compasi\u00f3n, sino de transformar la manera en que entendemos el poder y qui\u00e9nes pueden liderar\u201d, expres\u00f3 Mart\u00ednez al medio CHV Noticias.&nbsp;&nbsp;<\/p>\n\n\n\n<p>El galard\u00f3n contempla una dotaci\u00f3n de 100.000 coronas suecas (SEK) y ser\u00e1 entregado durante la WIN&nbsp;WIN&nbsp;Week, una ceremonia de premiaci\u00f3n que se realizar\u00e1 entre el 12 y 16 de octubre en la ciudad deGothenburg.&nbsp;&nbsp;<\/p>\n\n\n\n<p>Mart\u00ednez es fundadora de Tremendas, una organizaci\u00f3n que promueve el liderazgo de ni\u00f1as y j\u00f3venes en la resoluci\u00f3n de problemas sociales y ambientales. Ha participado en instancias internacionales como las cumbres clim\u00e1ticas COP25 y COP26, adem\u00e1s de colaborar con ONU Mujeres durante el proceso Beijing+25. Actualmente, integra el consejo permanente de la Red de Mujeres L\u00edderes de Naciones Unidas, consolid\u00e1ndose como una de las voces latinoamericanas m\u00e1s influyentes en la agenda clim\u00e1tica juvenil.&nbsp;<\/p>\n","protected":false},"excerpt":{"rendered":"<p>La activista y alumna de Antropolog\u00eda UC\u00a0fue distinguida\u00a0en el\u00a0Gothenburg\u00a0Sustainability\u00a0Summit\u00a02026, destacando su\u00a0aporte a la equidad de g\u00e9nero y la acci\u00f3n clim\u00e1tica desde el liderazgo joven.\u00a0 Julieta Mart\u00ednez (22), activista chilena y estudiante de Antropolog\u00eda en la Pontificia Universidad Cat\u00f3lica de Chile, fue distinguida este martes 21 de abril con el Premio Juvenil WIN&nbsp;WIN&nbsp;durante el&nbsp;GothenburgSustainability&nbsp;Summit 2026. El [&hellip;]<\/p>\n","protected":false},"author":1,"featured_media":5129,"comment_status":"closed","ping_status":"closed","sticky":false,"template":"","format":"standard","meta":{"_eb_attr":"","_gspb_post_css":"","om_disable_all_campaigns":false,"_monsterinsights_skip_tracking":false,"_monsterinsights_sitenote_active":false,"_monsterinsights_sitenote_note":"","_monsterinsights_sitenote_category":0,"footnotes":""},"categories":[14],"tags":[],"class_list":["post-5128","post","type-post","status-publish","format-standard","has-post-thumbnail","hentry","category-actualidad"],"blocksy_meta":[],"aioseo_notices":[],"_links":{"self":[{"href":"https:\/\/elpuclitico.cl\/index.php\/wp-json\/wp\/v2\/posts\/5128","targetHints":{"allow":["GET"]}}],"collection":[{"href":"https:\/\/elpuclitico.cl\/index.php\/wp-json\/wp\/v2\/posts"}],"about":[{"href":"https:\/\/elpuclitico.cl\/index.php\/wp-json\/wp\/v2\/types\/post"}],"author":[{"embeddable":true,"href":"https:\/\/elpuclitico.cl\/index.php\/wp-json\/wp\/v2\/users\/1"}],"replies":[{"embeddable":true,"href":"https:\/\/elpuclitico.cl\/index.php\/wp-json\/wp\/v2\/comments?post=5128"}],"version-history":[{"count":1,"href":"https:\/\/elpuclitico.cl\/index.php\/wp-json\/wp\/v2\/posts\/5128\/revisions"}],"predecessor-version":[{"id":5130,"href":"https:\/\/elpuclitico.cl\/index.php\/wp-json\/wp\/v2\/posts\/5128\/revisions\/5130"}],"wp:featuredmedia":[{"embeddable":true,"href":"https:\/\/elpuclitico.cl\/index.php\/wp-json\/wp\/v2\/media\/5129"}],"wp:attachment":[{"href":"https:\/\/elpuclitico.cl\/index.php\/wp-json\/wp\/v2\/media?parent=5128"}],"wp:term":[{"taxonomy":"category","embeddable":true,"href":"https:\/\/elpuclitico.cl\/index.php\/wp-json\/wp\/v2\/categories?post=5128"},{"taxonomy":"post_tag","embeddable":true,"href":"https:\/\/elpuclitico.cl\/index.php\/wp-json\/wp\/v2\/tags?post=5128"}],"curies":[{"name":"wp","href":"https:\/\/api.w.org\/{rel}","templated":true}]}}