{"id":5131,"date":"2026-04-26T18:42:25","date_gmt":"2026-04-26T18:42:25","guid":{"rendered":"https:\/\/elpuclitico.cl\/?p=5131"},"modified":"2026-04-26T19:42:08","modified_gmt":"2026-04-26T19:42:08","slug":"prende-la-fedep-se-impone-en-las-elecciones-federativas-de-la-udp","status":"publish","type":"post","link":"https:\/\/elpuclitico.cl\/index.php\/2026\/04\/26\/prende-la-fedep-se-impone-en-las-elecciones-federativas-de-la-udp\/","title":{"rendered":"\u201cPrende la FEDEP\u201d se impone en las elecciones federativas de la UDP"},"content":{"rendered":"\n<p><em>La lista compuesta por integrantes de las Juventudes Comunistas e independientes obtuvo el 47,01% de las preferencias. La elecci\u00f3n estuvo marcada por la renuncia de dos integrantes de la actual FEDEP y un post subido por el organismo que caus\u00f3 reacciones en la comunidad universitaria.<\/em><\/p>\n\n\n\n<p>El pasado viernes se dieron a conocer los resultados de la elecci\u00f3n por la Federaci\u00f3n de Estudiantes de la Universidad Diego Portales (FEDEP), en la cual fue electa la lista \u201cPrende la FEDEP\u201d con 1.926 votos, equivalentes al 47,01% de los sufragios. Por su parte, la lista \u201cTodo que ver\u201d obtuvo 1.395 votos, correspondiendo al 34,04%. La elecci\u00f3n alcanz\u00f3 un qu\u00f3rum del 21,68% con 4.097 votos emitidos.&nbsp;<\/p>\n\n\n\n<p>La lista electa, \u201cPrende la FEDEP\u00bb, conformada por militantes de las Juventudes Comunistas (JJ.CC.) e independientes, se encuentra encabezada por Sof\u00eda \u00c1vila, estudiante de cuarto a\u00f1o de Enfermer\u00eda y exvicepresidenta de la Federaci\u00f3n. La nueva mesa directiva propone un proyecto orientado a fortalecer el v\u00ednculo de pertenencia y afecci\u00f3n entre los estudiantes, docentes y funcionarios, planteando cambios respecto a las dirigencias anteriores.<\/p>\n\n\n\n<p>La propuesta program\u00e1tica se articula en siete ejes estrat\u00e9gicos orientados a fortalecer la participaci\u00f3n estudiantil, promover la inclusi\u00f3n y reforzar el v\u00ednculo de la Universidad con su entorno: contempla medidas en reforzar la democracia universitaria; la vinculaci\u00f3n con organizaciones sociales; la equidad de g\u00e9nero y las disidencias; el bienestar y la salud estudiantil; el desarrollo de la vida universitaria y cultural; y un enfoque transversal en memoria y derechos humanos.<\/p>\n\n\n\n<p>Tras la publicaci\u00f3n de los resultados de la elecci\u00f3n por parte del Tribunal Calificador de Elecciones (TRICEL), la lista electa subi\u00f3 una publicaci\u00f3n agradeciendo el apoyo a su proyecto federativo. \u201cEste triunfo no es de une o de unes pocos, es colectivo, y nos pone un desaf\u00edo a\u00fan mayor: estar a la altura, representar con convicci\u00f3n y no soltar ninguna de las luchas que nos trajeron hasta aqu\u00ed\u201d, expusieron.<\/p>\n\n\n\n<p>La elecci\u00f3n estuvo marcada por la renuncia de Darikson Sisejkovic y Martina Ram\u00edrez a la FEDEP 2025-2026, a un d\u00eda del inicio de la inscripci\u00f3n de listas, para presentar sus respectivas candidaturas a presidente y vicepresidenta por la lista \u201cTodo que ver\u00bb.<\/p>\n\n\n\n<p>Otro hecho fue la publicaci\u00f3n de un post informativo sobre las elecciones en el Instagram de la FEDEP, el cual gener\u00f3 reacciones en la comunidad universitaria al presentar a la lista \u201cPrende la FEDEP\u201d \u00fanicamente como una alianza de las Juventudes Comunistas (JJ.CC.), sin mencionar la participaci\u00f3n de independientes en su coalici\u00f3n. Frente a esto, el TRICEL subi\u00f3 una historia aclarando dicha informaci\u00f3n durante el per\u00edodo de votaci\u00f3n.<\/p>\n\n\n\n<p>El proceso electoral, originalmente pactado para el martes 21 y mi\u00e9rcoles 22, se extendi\u00f3 hasta el jueves 23 para alcanzar el 20% de qu\u00f3rum de estudiantes habilitados para sufragar, cerr\u00e1ndose la urna electr\u00f3nica a las 20:00 horas.<\/p>\n\n\n\n<p>Nota por Bruno Baeza y Andrea Gim\u00e9nez<\/p>\n","protected":false},"excerpt":{"rendered":"<p>La lista compuesta por integrantes de las Juventudes Comunistas e independientes obtuvo el 47,01% de las preferencias. La elecci\u00f3n estuvo marcada por la renuncia de dos integrantes de la actual FEDEP y un post subido por el organismo que caus\u00f3 reacciones en la comunidad universitaria. El pasado viernes se dieron a conocer los resultados de [&hellip;]<\/p>\n","protected":false},"author":1,"featured_media":5132,"comment_status":"closed","ping_status":"closed","sticky":false,"template":"","format":"standard","meta":{"_eb_attr":"","_gspb_post_css":"","om_disable_all_campaigns":false,"_monsterinsights_skip_tracking":false,"_monsterinsights_sitenote_active":false,"_monsterinsights_sitenote_note":"","_monsterinsights_sitenote_category":0,"footnotes":""},"categories":[14],"tags":[],"class_list":["post-5131","post","type-post","status-publish","format-standard","has-post-thumbnail","hentry","category-actualidad"],"blocksy_meta":[],"aioseo_notices":[],"_links":{"self":[{"href":"https:\/\/elpuclitico.cl\/index.php\/wp-json\/wp\/v2\/posts\/5131","targetHints":{"allow":["GET"]}}],"collection":[{"href":"https:\/\/elpuclitico.cl\/index.php\/wp-json\/wp\/v2\/posts"}],"about":[{"href":"https:\/\/elpuclitico.cl\/index.php\/wp-json\/wp\/v2\/types\/post"}],"author":[{"embeddable":true,"href":"https:\/\/elpuclitico.cl\/index.php\/wp-json\/wp\/v2\/users\/1"}],"replies":[{"embeddable":true,"href":"https:\/\/elpuclitico.cl\/index.php\/wp-json\/wp\/v2\/comments?post=5131"}],"version-history":[{"count":3,"href":"https:\/\/elpuclitico.cl\/index.php\/wp-json\/wp\/v2\/posts\/5131\/revisions"}],"predecessor-version":[{"id":5135,"href":"https:\/\/elpuclitico.cl\/index.php\/wp-json\/wp\/v2\/posts\/5131\/revisions\/5135"}],"wp:featuredmedia":[{"embeddable":true,"href":"https:\/\/elpuclitico.cl\/index.php\/wp-json\/wp\/v2\/media\/5132"}],"wp:attachment":[{"href":"https:\/\/elpuclitico.cl\/index.php\/wp-json\/wp\/v2\/media?parent=5131"}],"wp:term":[{"taxonomy":"category","embeddable":true,"href":"https:\/\/elpuclitico.cl\/index.php\/wp-json\/wp\/v2\/categories?post=5131"},{"taxonomy":"post_tag","embeddable":true,"href":"https:\/\/elpuclitico.cl\/index.php\/wp-json\/wp\/v2\/tags?post=5131"}],"curies":[{"name":"wp","href":"https:\/\/api.w.org\/{rel}","templated":true}]}}