{"id":5136,"date":"2026-04-27T16:00:49","date_gmt":"2026-04-27T16:00:49","guid":{"rendered":"https:\/\/elpuclitico.cl\/?p=5136"},"modified":"2026-04-27T16:01:53","modified_gmt":"2026-04-27T16:01:53","slug":"eliana-rozas-profesora-uc-es-designada-como-presidenta-del-directorio-del-cntv","status":"publish","type":"post","link":"https:\/\/elpuclitico.cl\/index.php\/2026\/04\/27\/eliana-rozas-profesora-uc-es-designada-como-presidenta-del-directorio-del-cntv\/","title":{"rendered":"Eliana Rozas, docente UC, es designada como presidenta del directorio del CNTV"},"content":{"rendered":"\n<p><em>La acad\u00e9mica y periodista, nombrada por el Presidente de la Rep\u00fablica, asumir\u00e1 en reemplazo de Mauricio Mu\u00f1oz y tendr\u00e1 como principal desaf\u00edo velar por el correcto funcionamiento de los servicios de televisi\u00f3n.<\/em><\/p>\n\n\n\n<p>A trav\u00e9s de un comunicado de prensa, el Ministerio Secretar\u00eda General de Gobierno inform\u00f3 que el Presidente de la Rep\u00fablica, Jos\u00e9 Antonio Kast, design\u00f3 a la periodista y acad\u00e9mica UC Eliana Rozas Ort\u00fazar como presidenta del directorio del Consejo Nacional de Televisi\u00f3n (CNTV).&nbsp;<\/p>\n\n\n\n<p>El CNTV es un organismo aut\u00f3nomo del Estado que supervisa el correcto funcionamiento de los servicios televisivos en Chile. Entre sus funciones est\u00e1n regular la industria mediante pol\u00edticas institucionales, recibir denuncias ciudadanas por contenidos inapropiados y promover la producci\u00f3n de programas de calidad, culturalmente relevantes y diversos.<\/p>\n\n\n\n<p>Periodista y egresada de Derecho, Rozas se dedica a la docencia desde 1985 en la Pontificia Universidad Cat\u00f3lica de Chile. Ha impartido ramos como Teor\u00eda de la Noticia, \u00c9tica de las Comunicaciones y Taller de Periodismo en Prensa. Actualmente es directora de docencia de la Facultad de Comunicaciones de la UC, de la cual fue decana entre los a\u00f1os 2000 y 2003.&nbsp;<\/p>\n\n\n\n<p>Cuenta con experiencia en medios como El Mercurio, CNN Chile y TVN. Entre 2003 y 2007 asumi\u00f3 diversos cargos directivos en Canal 13, desempe\u00f1\u00e1ndose como vicepresidenta del Consejo, secretaria general y directora ejecutiva.&nbsp;<\/p>\n\n\n\n<p>Desde el 2000 es miembro del Consejo de \u00c9tica de los Medios de Comunicaci\u00f3n. En 2025 fue nombrada miembro correspondiente por Santiago de la Academia Chilena de la Lengua.&nbsp;<\/p>\n\n\n\n<p>Rozas asumir\u00e1 en reemplazo de Mauricio Mu\u00f1\u00f3z y tendr\u00e1 como tarea principal velar por el correcto cumplimiento de la normativa vigente y la promoci\u00f3n de la libertad de expresi\u00f3n.<\/p>\n","protected":false},"excerpt":{"rendered":"<p>La acad\u00e9mica y periodista, nombrada por el Presidente de la Rep\u00fablica, asumir\u00e1 en reemplazo de Mauricio Mu\u00f1oz y tendr\u00e1 como principal desaf\u00edo velar por el correcto funcionamiento de los servicios de televisi\u00f3n. A trav\u00e9s de un comunicado de prensa, el Ministerio Secretar\u00eda General de Gobierno inform\u00f3 que el Presidente de la Rep\u00fablica, Jos\u00e9 Antonio Kast, [&hellip;]<\/p>\n","protected":false},"author":1,"featured_media":5137,"comment_status":"closed","ping_status":"closed","sticky":false,"template":"","format":"standard","meta":{"_eb_attr":"","_gspb_post_css":"","om_disable_all_campaigns":false,"_monsterinsights_skip_tracking":false,"_monsterinsights_sitenote_active":false,"_monsterinsights_sitenote_note":"","_monsterinsights_sitenote_category":0,"footnotes":""},"categories":[14],"tags":[],"class_list":["post-5136","post","type-post","status-publish","format-standard","has-post-thumbnail","hentry","category-actualidad"],"blocksy_meta":[],"aioseo_notices":[],"_links":{"self":[{"href":"https:\/\/elpuclitico.cl\/index.php\/wp-json\/wp\/v2\/posts\/5136","targetHints":{"allow":["GET"]}}],"collection":[{"href":"https:\/\/elpuclitico.cl\/index.php\/wp-json\/wp\/v2\/posts"}],"about":[{"href":"https:\/\/elpuclitico.cl\/index.php\/wp-json\/wp\/v2\/types\/post"}],"author":[{"embeddable":true,"href":"https:\/\/elpuclitico.cl\/index.php\/wp-json\/wp\/v2\/users\/1"}],"replies":[{"embeddable":true,"href":"https:\/\/elpuclitico.cl\/index.php\/wp-json\/wp\/v2\/comments?post=5136"}],"version-history":[{"count":2,"href":"https:\/\/elpuclitico.cl\/index.php\/wp-json\/wp\/v2\/posts\/5136\/revisions"}],"predecessor-version":[{"id":5139,"href":"https:\/\/elpuclitico.cl\/index.php\/wp-json\/wp\/v2\/posts\/5136\/revisions\/5139"}],"wp:featuredmedia":[{"embeddable":true,"href":"https:\/\/elpuclitico.cl\/index.php\/wp-json\/wp\/v2\/media\/5137"}],"wp:attachment":[{"href":"https:\/\/elpuclitico.cl\/index.php\/wp-json\/wp\/v2\/media?parent=5136"}],"wp:term":[{"taxonomy":"category","embeddable":true,"href":"https:\/\/elpuclitico.cl\/index.php\/wp-json\/wp\/v2\/categories?post=5136"},{"taxonomy":"post_tag","embeddable":true,"href":"https:\/\/elpuclitico.cl\/index.php\/wp-json\/wp\/v2\/tags?post=5136"}],"curies":[{"name":"wp","href":"https:\/\/api.w.org\/{rel}","templated":true}]}}