{"id":5147,"date":"2026-04-28T19:28:51","date_gmt":"2026-04-28T19:28:51","guid":{"rendered":"https:\/\/elpuclitico.cl\/?p=5147"},"modified":"2026-04-28T19:28:52","modified_gmt":"2026-04-28T19:28:52","slug":"la-incertidumbre-como-norma-social","status":"publish","type":"post","link":"https:\/\/elpuclitico.cl\/index.php\/2026\/04\/28\/la-incertidumbre-como-norma-social\/","title":{"rendered":"La incertidumbre como norma social"},"content":{"rendered":"\n<p>Estimada directora: A veces, las transformaciones m\u00e1s significativas no se presentan como rupturas evidentes e inmediatas, sino como una lenta alteraci\u00f3n en los m\u00e1rgenes de lo que consideramos dado. En el Chile actual, esa sensaci\u00f3n comienza a instalarse en torno a los derechos b\u00e1sicos, cuya base de garant\u00eda parece desplazarse hacia una condici\u00f3n m\u00e1s incierta y sujeta a condiciones.<\/p>\n\n\n\n<p>M\u00e1s que un quiebre abrupto, lo que se observa es una relectura del rol del Estado: desde articulador de lo com\u00fan hacia una forma condicionada de protecci\u00f3n a la ciudadan\u00eda. En ese tr\u00e1nsito, ciertos derechos \u2014educaci\u00f3n, previsi\u00f3n, salud\u2014 dejan de sentirse como expresiones de un consenso social m\u00ednimo y pasan a tensionarse bajo l\u00f3gicas de acceso incierto e inseguro.<\/p>\n\n\n\n<p>Desde una mirada cr\u00edtica, esto no resulta del todo inesperado. La estructura social chilena ha estado hist\u00f3ricamente atravesada por desigualdades persistentes, donde los avances en materia de derechos han coexistido con mecanismos que los limitan en la pr\u00e1ctica. En ese sentido, la actual sensaci\u00f3n de inestabilidad podr\u00eda leerse no tanto como una ruptura, sino como una explicitaci\u00f3n de l\u00edmites que ya estaban inscritos en el modelo desde mucho antes.<\/p>\n\n\n\n<p>No obstante, y precisamente por ello, resulta de suma urgencia manifestar el descontento que viven amplios sectores de la sociedad chilena al verse condicionados derechos b\u00e1sicos que debieran constituir un piso com\u00fan e incuestionable. La naturalizaci\u00f3n de esta fragilidad no solo pone en duda garant\u00edas concretas, sino que tambi\u00e9n debilita la capacidad colectiva de exigirlas.<\/p>\n\n\n\n<p>Cuando los derechos dejan de ser el horizonte compartido y se transforman en bienes disputables, tambi\u00e9n cambia la forma en que los individuos se piensan a s\u00ed mismos dentro de la sociedad: menos como sujetos de derechos y m\u00e1s como individuos que velan por su propia supervivencia.<\/p>\n\n\n\n<p>Quiz\u00e1s, entonces, el problema no radique \u00fanicamente en el condicionamiento de las garant\u00edas, sino en el modo en que esa fragilidad empieza a cambiar lo colectivo. Lo que est\u00e1 en juego no es solo la provisi\u00f3n de derechos b\u00e1sicos, sino la idea misma de comunidad que los sostiene.<\/p>\n\n\n\n<p><em>Matilde Beltr\u00e1n<\/em><\/p>\n\n\n\n<p><em>Estudiante de Sociolog\u00eda<\/em><\/p>\n","protected":false},"excerpt":{"rendered":"<p>Estimada directora: A veces, las transformaciones m\u00e1s significativas no se presentan como rupturas evidentes e inmediatas, sino como una lenta alteraci\u00f3n en los m\u00e1rgenes de lo que consideramos dado. En el Chile actual, esa sensaci\u00f3n comienza a instalarse en torno a los derechos b\u00e1sicos, cuya base de garant\u00eda parece desplazarse hacia una condici\u00f3n m\u00e1s incierta [&hellip;]<\/p>\n","protected":false},"author":1,"featured_media":4900,"comment_status":"closed","ping_status":"closed","sticky":false,"template":"","format":"standard","meta":{"_eb_attr":"","_gspb_post_css":"","om_disable_all_campaigns":false,"_monsterinsights_skip_tracking":false,"_monsterinsights_sitenote_active":false,"_monsterinsights_sitenote_note":"","_monsterinsights_sitenote_category":0,"footnotes":""},"categories":[13,21],"tags":[],"class_list":["post-5147","post","type-post","status-publish","format-standard","has-post-thumbnail","hentry","category-carta-a-la-directora","category-opinion"],"blocksy_meta":[],"aioseo_notices":[],"_links":{"self":[{"href":"https:\/\/elpuclitico.cl\/index.php\/wp-json\/wp\/v2\/posts\/5147","targetHints":{"allow":["GET"]}}],"collection":[{"href":"https:\/\/elpuclitico.cl\/index.php\/wp-json\/wp\/v2\/posts"}],"about":[{"href":"https:\/\/elpuclitico.cl\/index.php\/wp-json\/wp\/v2\/types\/post"}],"author":[{"embeddable":true,"href":"https:\/\/elpuclitico.cl\/index.php\/wp-json\/wp\/v2\/users\/1"}],"replies":[{"embeddable":true,"href":"https:\/\/elpuclitico.cl\/index.php\/wp-json\/wp\/v2\/comments?post=5147"}],"version-history":[{"count":1,"href":"https:\/\/elpuclitico.cl\/index.php\/wp-json\/wp\/v2\/posts\/5147\/revisions"}],"predecessor-version":[{"id":5148,"href":"https:\/\/elpuclitico.cl\/index.php\/wp-json\/wp\/v2\/posts\/5147\/revisions\/5148"}],"wp:featuredmedia":[{"embeddable":true,"href":"https:\/\/elpuclitico.cl\/index.php\/wp-json\/wp\/v2\/media\/4900"}],"wp:attachment":[{"href":"https:\/\/elpuclitico.cl\/index.php\/wp-json\/wp\/v2\/media?parent=5147"}],"wp:term":[{"taxonomy":"category","embeddable":true,"href":"https:\/\/elpuclitico.cl\/index.php\/wp-json\/wp\/v2\/categories?post=5147"},{"taxonomy":"post_tag","embeddable":true,"href":"https:\/\/elpuclitico.cl\/index.php\/wp-json\/wp\/v2\/tags?post=5147"}],"curies":[{"name":"wp","href":"https:\/\/api.w.org\/{rel}","templated":true}]}}